{"id":31181,"date":"2024-10-15T23:37:39","date_gmt":"2024-10-16T05:37:39","guid":{"rendered":"http:\/\/elobservatorio.com.mx\/?p=31181"},"modified":"2024-10-15T23:37:39","modified_gmt":"2024-10-16T05:37:39","slug":"tenemos-que-construir-otro-colima-riult-rivera","status":"publish","type":"post","link":"http:\/\/elobservatorio.com.mx\/?p=31181","title":{"rendered":"Tenemos que construir otro Colima: Riult Rivera"},"content":{"rendered":"<p><em>*Pide a la gobernadora Indira Vizca\u00edno trabajar en equipo para alcanzar la paz y la seguridad, sin poses ni protocolos de poder innecesarios.<\/em><\/p>\n<p><em>*Hizo un llamado para trabajar en equipo con el gobierno del Estado y con la Presidenta de M\u00e9xico, m\u00e1s all\u00e1 de los colores y partidos.<\/em><\/p>\n<p><em>*Prometi\u00f3 ser un gobernante en quien se pueda confiar, exigir y denunciar, sin importar si votaron o no por Riult Rivera.<\/em><\/p>\n<p><em>*Las divisiones terminan aqu\u00ed, promover\u00e9 el respeto y la inclusi\u00f3n de todas las voces y causas.<\/em><\/p>\n<p>Queremos construir en paz otro Colima porque tenemos mucho para dar, mucho por hacer y mucho por demostrar, afirm\u00f3 Riul Rivera durante su discurso de toma de protesta como Presidente Municipal para el periodo 2024-2027.<\/p>\n<p>Tenemos que dejar de tener miedo, sentenci\u00f3 en el Teatro Hidalgo, frente al cabildo que tuvo como testigo de honor a la Gobernadora Indira Vizca\u00edno, a quien le hizo un llamado para trabajar por un solo Colima.<\/p>\n<p>\u201cLa ciudad capital y el gobierno del Estado debemos estar unidos y cercanos en temas tan importantes como la seguridad y la paz\u201d propuso a la titular del ejecutivo estatal.<\/p>\n<p>Riult Rivera, advirti\u00f3 que Otro Colima es posible solo con una estrategia coordinada. Mas all\u00e1 de los colores nuestras intenciones son: servir y resolver a las y los colimenses, agreg\u00f3.<\/p>\n<p>Estamos abiertos y listos para cooperar en equipo, \u201ccontigo gobernadora y tambi\u00e9n con la presidenta de M\u00e9xico\u201d, afirm\u00f3 el alcalde entrante.<\/p>\n<p>No hay recetas m\u00e1gicas para lograr un Colima Seguro, dijo, pero \u201ctengo toda la voluntad para hacerlo r\u00e1pido y con fuerza\u201d. Y explic\u00f3 que lo primero que se requiere es un sistema que cumpla con los m\u00e1s altos est\u00e1ndares: 1.8 polic\u00edas por cada 1 mil habitantes.<\/p>\n<p>Quiero ser la cabeza y las manos de un gran movimiento que construya Otro Colima: \u201cun Colima m\u00e1s unido, un Colima m\u00e1s positivo, un Colima m\u00e1s valiente\u201d, afirm\u00f3 Riult Rivera.<\/p>\n<p>Un Colima, a\u00f1adi\u00f3, en el que volvamos a vernos a los ojos, donde podamos tomarnos de la mano, cada vez que sea necesario.<\/p>\n<p>\u201cUn Estado m\u00e1s humano, en el que nos acompa\u00f1emos y en el que nadie se quede fuera; un Estado en el que las \u00fanicas l\u00e1grimas que derramemos, sean de alegr\u00eda, de celebraci\u00f3n. Y esa construcci\u00f3n empieza aqu\u00ed, en Colima Capital\u201d.<\/p>\n<p>En su discurso, enumer\u00f3 los proyectos m\u00e1s importantes que desarrollar\u00e1 durante los siguientes tres a\u00f1os, entre los que destac\u00f3 el apoyo a las mujeres madres de familia, a quienes prometi\u00f3 un gobierno donde sean libres e iguales.<\/p>\n<p>\u201cEn Colima tendremos acceso gratuito a las guarder\u00edas y estancias infantiles para las hijas e hijos de madres adolescentes, una propuesta que ya la presidenta de M\u00e9xico, la Doctora Claudia Sheinbaum, ha prometido rescatar\u201d.<\/p>\n<p>Las divisiones terminan aqu\u00ed ya que seremos un gobierno que promueva el respeto, la inclusi\u00f3n de todas las voces y todas las causas, sin importar si votaron por nosotros o no, enfatiz\u00f3 Riult Rivera.<\/p>\n<p>Colima merece un Gobierno en quien puedas confiar, agradecer y tambi\u00e9n denunciar. Un Gobierno que eval\u00faes permanentemente, al que puedas comparar con otros para mejorar, se\u00f1al\u00f3.<\/p>\n<p>Seremos, dijo, una administraci\u00f3n aut\u00e9nticamente p\u00fablica donde se gobierne de manera directa, en equipo. \u201cSin poses y sin protocolos de poder innecesarios\u201d, aclar\u00f3 el alcalde.<\/p>\n<p>Y a\u00f1adi\u00f3: \u201cA m\u00ed no se me va a subir, porque soy un ciudadano de un solo piso. Crec\u00ed en la calle, jugu\u00e9 en la calle y me hice pol\u00edtico en la calle. As\u00ed vamos a gobernar: en calle, en tu calle\u201d.<\/p>\n<p>Lo mejor que podemos ofrecer a Colima, agreg\u00f3, es una administraci\u00f3n capaz, entregada y transparente, con talento, con ganas, con pasi\u00f3n y con verdad.<\/p>\n<p>Ante un auditorio integrado por todos los sectores de la sociedad, Riult Rivera afirm\u00f3 que Colima tiene que volverse a unir de nuevo en lo cotidiano, en lo familiar y en lo pol\u00edtico.<\/p>\n","protected":false},"excerpt":{"rendered":"<p>*Pide a la gobernadora Indira Vizca\u00edno trabajar en equipo para alcanzar la paz y la seguridad, sin poses ni protocolos de poder innecesarios. *Hizo un llamado para trabajar en equipo con el gobierno del Estado y con la Presidenta de M\u00e9xico, m\u00e1s all\u00e1 de los colores y partidos. *Prometi\u00f3 ser un gobernante en quien se&#8230;<\/p>\n","protected":false},"author":2,"featured_media":31182,"comment_status":"closed","ping_status":"open","sticky":false,"template":"","format":"standard","meta":{"footnotes":""},"categories":[8,36],"tags":[29,30,28],"class_list":["post-31181","post","type-post","status-publish","format-standard","has-post-thumbnail","hentry","category-municipios","category-colima","tag-grid","tag-news","tag-slider"],"_links":{"self":[{"href":"http:\/\/elobservatorio.com.mx\/index.php?rest_route=\/wp\/v2\/posts\/31181"}],"collection":[{"href":"http:\/\/elobservatorio.com.mx\/index.php?rest_route=\/wp\/v2\/posts"}],"about":[{"href":"http:\/\/elobservatorio.com.mx\/index.php?rest_route=\/wp\/v2\/types\/post"}],"author":[{"embeddable":true,"href":"http:\/\/elobservatorio.com.mx\/index.php?rest_route=\/wp\/v2\/users\/2"}],"replies":[{"embeddable":true,"href":"http:\/\/elobservatorio.com.mx\/index.php?rest_route=%2Fwp%2Fv2%2Fcomments&post=31181"}],"version-history":[{"count":1,"href":"http:\/\/elobservatorio.com.mx\/index.php?rest_route=\/wp\/v2\/posts\/31181\/revisions"}],"predecessor-version":[{"id":31183,"href":"http:\/\/elobservatorio.com.mx\/index.php?rest_route=\/wp\/v2\/posts\/31181\/revisions\/31183"}],"wp:featuredmedia":[{"embeddable":true,"href":"http:\/\/elobservatorio.com.mx\/index.php?rest_route=\/wp\/v2\/media\/31182"}],"wp:attachment":[{"href":"http:\/\/elobservatorio.com.mx\/index.php?rest_route=%2Fwp%2Fv2%2Fmedia&parent=31181"}],"wp:term":[{"taxonomy":"category","embeddable":true,"href":"http:\/\/elobservatorio.com.mx\/index.php?rest_route=%2Fwp%2Fv2%2Fcategories&post=31181"},{"taxonomy":"post_tag","embeddable":true,"href":"http:\/\/elobservatorio.com.mx\/index.php?rest_route=%2Fwp%2Fv2%2Ftags&post=31181"}],"curies":[{"name":"wp","href":"https:\/\/api.w.org\/{rel}","templated":true}]}}