{"id":31212,"date":"2024-10-19T21:52:09","date_gmt":"2024-10-20T03:52:09","guid":{"rendered":"http:\/\/elobservatorio.com.mx\/?p=31212"},"modified":"2024-10-19T21:52:09","modified_gmt":"2024-10-20T03:52:09","slug":"participa-udec-en-la-lxii-sesion-del-consejo-de-universidades-publicas-e-instituciones-afines","status":"publish","type":"post","link":"http:\/\/elobservatorio.com.mx\/?p=31212","title":{"rendered":"Participa UdeC en la LXII sesi\u00f3n del Consejo de Universidades P\u00fablicas e Instituciones Afines"},"content":{"rendered":"<p><em>*El evento estuvo presidido por Luis Armando Gonz\u00e1lez Placencia, secretario general ejecutivo de la Asociaci\u00f3n Nacional de Universidades e Instituciones de Educaci\u00f3n Superior (ANUIES). Por la UdeC asisti\u00f3 Joel Nino Jr.<\/em><\/p>\n<p>Este fin de semana, el secretario general de la Universidad de Colima (UdeC), Joel Nino Jr., asisti\u00f3 a la LXII sesi\u00f3n ordinaria del Consejo de Universidades P\u00fablicas e Instituciones Afines (CUPIA), celebrada en el Centro de Innovaci\u00f3n y Desarrollo Tecnol\u00f3gico \u201cJes\u00fas Reyes Heroles\u201d de la ANUIES, en la Ciudad de M\u00e9xico.<\/p>\n<p>El evento estuvo presidido por Luis Armando Gonz\u00e1lez Placencia, secretario general ejecutivo de la Asociaci\u00f3n Nacional de Universidades e Instituciones de Educaci\u00f3n Superior (ANUIES); por Rosaura Ruiz Guti\u00e9rrez, secretaria de Ciencia, Humanidades, Tecnolog\u00eda e Innovaci\u00f3n (SECIHTI); Carmen Enedina Rodr\u00edguez Armenta, encargada del despacho de la Subsecretar\u00eda de Educaci\u00f3n Superior, y Javier Salda\u00f1a Almaz\u00e1n, rector de la Universidad Aut\u00f3noma de Guerrero (UAG).<\/p>\n<p>Joel Nino Jr. asisti\u00f3 en representaci\u00f3n del rector de la UdeC, Christian Jorge Torres Ortiz Zerme\u00f1o, y se uni\u00f3 a l\u00edderes universitarios de todo el pa\u00eds para discutir temas clave en la agenda de la educaci\u00f3n superior en M\u00e9xico. Uno de los aspectos destacados fue la informaci\u00f3n proporcionada por Rosaura Ruiz Guti\u00e9rrez sobre las prioridades del gobierno de Claudia Sheinbaum en relaci\u00f3n con las universidades, con un enfoque particular en la ciencia y tecnolog\u00eda.<\/p>\n<p>Entre los puntos m\u00e1s relevantes del orden del d\u00eda se incluyeron: la estrategia de financiamiento de las instituciones p\u00fablicas de educaci\u00f3n superior con miras al Presupuesto de Egresos de la Federaci\u00f3n 2025, la revisi\u00f3n de los convenios con las universidades p\u00fablicas estatales (UPES), y proyectos enfocados en salud mental y la transparencia en el uso de los recursos. Tambi\u00e9n se discutieron los mecanismos de prevenci\u00f3n y rendici\u00f3n de cuentas en las instituciones de educaci\u00f3n superior, as\u00ed como los informes de avances acad\u00e9micos y estados financieros auditados.<\/p>\n<p>Durante la sesi\u00f3n, Luis Armando Gonz\u00e1lez Placencia subray\u00f3 la necesidad de un incremento m\u00ednimo del 4% en el presupuesto de las universidades para hacer frente a los retos que presenta la educaci\u00f3n superior en el pa\u00eds. Asimismo, propuso la creaci\u00f3n de un fondo federal especial para asegurar la gratuidad de la educaci\u00f3n y ampliar la cobertura en las universidades.<\/p>\n<p>Ruiz Guti\u00e9rrez destac\u00f3 que uno de los objetivos de la presidenta Sheinbaum es consolidar a M\u00e9xico como una potencia en ciencia y tecnolog\u00eda, reafirmando su compromiso con este sector crucial para el desarrollo nacional.<\/p>\n<p>Finalmente, se anunci\u00f3 que la pr\u00f3xima reuni\u00f3n del Consejo ser\u00e1 organizada por la Universidad Aut\u00f3noma de Baja California (UABC), en fecha por confirmar. Adem\u00e1s, se reeligi\u00f3 por unanimidad a la rectora de la Benem\u00e9rita Universidad Aut\u00f3noma de Puebla (BUAP), Mar\u00eda Lilia Cedillo Ram\u00edrez, como representante del Consejo para un nuevo periodo (octubre 2024 \u2013 octubre 2026).<\/p>\n<p>Este encuentro reafirma el compromiso de las instituciones de educaci\u00f3n superior del pa\u00eds con la mejora continua de sus procesos educativos, de transparencia y de rendici\u00f3n de cuentas, en beneficio de los estudiantes y la sociedad mexicana.<\/p>\n<p>&nbsp;<\/p>\n","protected":false},"excerpt":{"rendered":"<p>*El evento estuvo presidido por Luis Armando Gonz\u00e1lez Placencia, secretario general ejecutivo de la Asociaci\u00f3n Nacional de Universidades e Instituciones de Educaci\u00f3n Superior (ANUIES). Por la UdeC asisti\u00f3 Joel Nino Jr. Este fin de semana, el secretario general de la Universidad de Colima (UdeC), Joel Nino Jr., asisti\u00f3 a la LXII sesi\u00f3n ordinaria del Consejo&#8230;<\/p>\n","protected":false},"author":2,"featured_media":31213,"comment_status":"closed","ping_status":"open","sticky":false,"template":"","format":"standard","meta":{"footnotes":""},"categories":[14],"tags":[29,30,28],"class_list":["post-31212","post","type-post","status-publish","format-standard","has-post-thumbnail","hentry","category-educacion-y-cultura","tag-grid","tag-news","tag-slider"],"_links":{"self":[{"href":"http:\/\/elobservatorio.com.mx\/index.php?rest_route=\/wp\/v2\/posts\/31212"}],"collection":[{"href":"http:\/\/elobservatorio.com.mx\/index.php?rest_route=\/wp\/v2\/posts"}],"about":[{"href":"http:\/\/elobservatorio.com.mx\/index.php?rest_route=\/wp\/v2\/types\/post"}],"author":[{"embeddable":true,"href":"http:\/\/elobservatorio.com.mx\/index.php?rest_route=\/wp\/v2\/users\/2"}],"replies":[{"embeddable":true,"href":"http:\/\/elobservatorio.com.mx\/index.php?rest_route=%2Fwp%2Fv2%2Fcomments&post=31212"}],"version-history":[{"count":1,"href":"http:\/\/elobservatorio.com.mx\/index.php?rest_route=\/wp\/v2\/posts\/31212\/revisions"}],"predecessor-version":[{"id":31214,"href":"http:\/\/elobservatorio.com.mx\/index.php?rest_route=\/wp\/v2\/posts\/31212\/revisions\/31214"}],"wp:featuredmedia":[{"embeddable":true,"href":"http:\/\/elobservatorio.com.mx\/index.php?rest_route=\/wp\/v2\/media\/31213"}],"wp:attachment":[{"href":"http:\/\/elobservatorio.com.mx\/index.php?rest_route=%2Fwp%2Fv2%2Fmedia&parent=31212"}],"wp:term":[{"taxonomy":"category","embeddable":true,"href":"http:\/\/elobservatorio.com.mx\/index.php?rest_route=%2Fwp%2Fv2%2Fcategories&post=31212"},{"taxonomy":"post_tag","embeddable":true,"href":"http:\/\/elobservatorio.com.mx\/index.php?rest_route=%2Fwp%2Fv2%2Ftags&post=31212"}],"curies":[{"name":"wp","href":"https:\/\/api.w.org\/{rel}","templated":true}]}}