{"id":31246,"date":"2024-10-21T22:40:57","date_gmt":"2024-10-22T04:40:57","guid":{"rendered":"http:\/\/elobservatorio.com.mx\/?p=31246"},"modified":"2024-10-21T22:41:58","modified_gmt":"2024-10-22T04:41:58","slug":"trabajaremos-de-manera-conjunta-y-cercada-a-la-poblacion-tecomense-regidor-jorge-gonzalez","status":"publish","type":"post","link":"http:\/\/elobservatorio.com.mx\/?p=31246","title":{"rendered":"Trabajaremos de manera conjunta y cercana a la poblaci\u00f3n; Regidor Jorge Gonz\u00e1lez"},"content":{"rendered":"<p>Jorge Gonz\u00e1lez Maga\u00f1a, regidor en el Gobierno Municipal de Tecom\u00e1n por el PES, dijo que comparte el compromiso del alcalde tecomense Armando Reyna Maga\u00f1a de trabajar en equipo con el prop\u00f3sito de que a nuestro municipio le vaya bien y que tengamos mejores oportunidades en estos 3 a\u00f1os que apenas inician.<\/p>\n<p>Sobre la designaci\u00f3n de los funcionarios en la actual administraci\u00f3n, coment\u00f3 que algunos de ellos han estado en otras administraciones y considero que se ha hecho un buen trabajo, mencionando que en esta ocasi\u00f3n no vienen a aprender porque ya tiene el conocimiento, la experiencia y ser\u00e1 aun m\u00e1s f\u00e1cil y accesible realizar proyectos que sean en beneficio de todos los tecomenses.<\/p>\n<p>Por \u00faltimo, Jorge Gonz\u00e1lez dijo que conf\u00eda en que en esta administraci\u00f3n que apenas inicia, los integrantes del cabildo rendir\u00e1n buenas cuentas a los ciudadanos, en su caso, dijo que estar\u00e1 atento a todas las necesidades que se le hagan llegar y que atender\u00e1 las diversas peticiones de acuerdo a su posibilidad, se\u00f1alando que su compromiso ser\u00e1 estar trabajando de manera conjunta y cercana a la poblaci\u00f3n pero tambi\u00e9n en oficina atendiendo a quien as\u00ed lo requiera.<\/p>\n","protected":false},"excerpt":{"rendered":"<p>Jorge Gonz\u00e1lez Maga\u00f1a, regidor en el Gobierno Municipal de Tecom\u00e1n por el PES, dijo que comparte el compromiso del alcalde tecomense Armando Reyna Maga\u00f1a de trabajar en equipo con el prop\u00f3sito de que a nuestro municipio le vaya bien y que tengamos mejores oportunidades en estos 3 a\u00f1os que apenas inician. Sobre la designaci\u00f3n de&#8230;<\/p>\n","protected":false},"author":2,"featured_media":31247,"comment_status":"closed","ping_status":"open","sticky":false,"template":"","format":"standard","meta":{"footnotes":""},"categories":[8,34],"tags":[29,30,28],"class_list":["post-31246","post","type-post","status-publish","format-standard","has-post-thumbnail","hentry","category-municipios","category-tecoman","tag-grid","tag-news","tag-slider"],"_links":{"self":[{"href":"http:\/\/elobservatorio.com.mx\/index.php?rest_route=\/wp\/v2\/posts\/31246"}],"collection":[{"href":"http:\/\/elobservatorio.com.mx\/index.php?rest_route=\/wp\/v2\/posts"}],"about":[{"href":"http:\/\/elobservatorio.com.mx\/index.php?rest_route=\/wp\/v2\/types\/post"}],"author":[{"embeddable":true,"href":"http:\/\/elobservatorio.com.mx\/index.php?rest_route=\/wp\/v2\/users\/2"}],"replies":[{"embeddable":true,"href":"http:\/\/elobservatorio.com.mx\/index.php?rest_route=%2Fwp%2Fv2%2Fcomments&post=31246"}],"version-history":[{"count":2,"href":"http:\/\/elobservatorio.com.mx\/index.php?rest_route=\/wp\/v2\/posts\/31246\/revisions"}],"predecessor-version":[{"id":31249,"href":"http:\/\/elobservatorio.com.mx\/index.php?rest_route=\/wp\/v2\/posts\/31246\/revisions\/31249"}],"wp:featuredmedia":[{"embeddable":true,"href":"http:\/\/elobservatorio.com.mx\/index.php?rest_route=\/wp\/v2\/media\/31247"}],"wp:attachment":[{"href":"http:\/\/elobservatorio.com.mx\/index.php?rest_route=%2Fwp%2Fv2%2Fmedia&parent=31246"}],"wp:term":[{"taxonomy":"category","embeddable":true,"href":"http:\/\/elobservatorio.com.mx\/index.php?rest_route=%2Fwp%2Fv2%2Fcategories&post=31246"},{"taxonomy":"post_tag","embeddable":true,"href":"http:\/\/elobservatorio.com.mx\/index.php?rest_route=%2Fwp%2Fv2%2Ftags&post=31246"}],"curies":[{"name":"wp","href":"https:\/\/api.w.org\/{rel}","templated":true}]}}