{"id":31250,"date":"2024-10-21T23:15:16","date_gmt":"2024-10-22T05:15:16","guid":{"rendered":"http:\/\/elobservatorio.com.mx\/?p=31250"},"modified":"2024-10-21T23:15:16","modified_gmt":"2024-10-22T05:15:16","slug":"congreso-emite-convocatoria-para-el-premio-estatal-a-la-gastronomia-tradicional-colimense","status":"publish","type":"post","link":"http:\/\/elobservatorio.com.mx\/?p=31250","title":{"rendered":"Congreso emite Convocatoria para el Premio Estatal\u00a0 a la Gastronom\u00eda Tradicional Colimense"},"content":{"rendered":"<p><em>*Denominado \u201cMar\u00eda Dolores M\u00e1rquez Amezcua\u201d<\/em><\/p>\n<p>La presidenta de la Comisi\u00f3n de Educaci\u00f3n, Cultura, Ciencia y Tecnolog\u00eda, diputada Evangelina Bustamante Morales, dio a conocer la Convocatoria al Premio Estatal a la Gastronom\u00eda Tradicional Colimense \u201cMar\u00eda Dolores M\u00e1rquez Amezcua\u201d, edici\u00f3n 2024, cuyas propuestas se podr\u00e1n hacer a partir de este lunes 21 de octubre y hasta el 08 de noviembre del presente a\u00f1o.<\/p>\n<p>En rueda de prensa realizada en el Pleno del Congreso del Estado de Colima, la legisladora petista, acompa\u00f1ada por las diputadas secretarias: Martha Elia Far\u00edas R\u00edos y Andrea Carolina Heredia Torres, y vocal diputada Glenda Yazm\u00edn Ochoa, manifest\u00f3 que el Premio Estatal a la Gastronom\u00eda Tradicional Colimense, en su segunda edici\u00f3n, se entregar\u00e1 a personas \/o organizaciones que se hayan distinguido por la trayectoria y aportaciones a la difusi\u00f3n de la comida tradicional, replicando el manejo de ingredientes, procedimientos, t\u00e9cnicas y presentaci\u00f3n que contribuya a la cultura culinaria del Estado.<\/p>\n<p>La diputada Evangelina Bustamante, dio a conocer que la convocatoria est\u00e1 dirigida a los Ayuntamientos, los organismos P\u00fablicos, Instituciones P\u00fablicas, Instituciones Educativas P\u00fablicas y Privadas, a Organizaciones\u00a0 Civiles,\u00a0 y a la Ciudadan\u00eda en General, que tengan una destacada trayectoria en el manejo de los alimentos tradicionales y\/o organizaci\u00f3n, cuyo desempe\u00f1o destaque la difusi\u00f3n y preservaci\u00f3n de las artes culinarias tradicionales del Estado de Colima.<\/p>\n<p>Entre los requisitos para participar se encuentran: rese\u00f1a, en un m\u00e1ximo de tres cuartillas, en la que se se\u00f1ale los motivos por los cuales se postula la persona; la experiencia y su trayectoria en el manejo de alimentos tradicionales, el uso de ingredientes nativos y complementarios, la originalidad y armon\u00eda de los sabores de sus alimentos.<\/p>\n<p>En su intervenci\u00f3n, la secretaria de la comisi\u00f3n, diputada Martha Elia Far\u00edas R\u00edos, dijo que el plazo para la entrega de propuestas ser\u00e1 del 21 de octubre al 08 de noviembre del presente a\u00f1o, de lunes a viernes, con un horario de 09:00 de la ma\u00f1ana a las 3:00 de la tarde, por conducto de la Secretaria General del Congreso del Estado.<\/p>\n<p>Para determinar a las personas merecedoras de dicho Premio, se integrar\u00e1 un Comit\u00e9 Calificador, el cual estar\u00e1 representado por un representante de la Comisi\u00f3n de Educaci\u00f3n, Cultura, Ciencia y Tecnolog\u00eda, un representante de la C\u00e1mara Nacional de la Industria de Restaurantes y Alimentos Condimentados (Canirac) y una persona representante de la Sociedad Civil de conocida trayectoria en la industria restaurantera y\/o alimentaria, quienes se encargar\u00e1n de revisar y calificar la idoneidad de cada una de las propuestas.<\/p>\n<p>Por su parte, la diputada Glenda Yazm\u00edn Ochoa, dijo que una vez concluidas las etapas anteriores, el Comit\u00e9 Calificador, en reuni\u00f3n de trabajo analizar\u00e1 los antecedentes\u00a0 curriculares, lo relativo a su formaci\u00f3n, experiencia, el car\u00e1cter tradicional,\u00a0 ingredientes nativos y complementarios, , originalidad y armon\u00eda de los sabores, con ciertos de imparcialidad, objetividad y\u00a0 plena igualdad para todos las y los participantes \u2018para emitir sus conclusiones de quien considere merecedor o merecedora a recibir el Premio Estatal a la Gastronom\u00eda Tradicional Colimense \u201cMar\u00eda Dolores M\u00e1rquez Amezcua\u201d, edici\u00f3n 2024 y ser\u00e1 la Comisi\u00f3n de Educaci\u00f3n, la encargada de elaborar el Dictamen correspondiente para su discusi\u00f3n y aprobaci\u00f3n en su caso, por el Pleno del Congreso del Estado.<\/p>\n<p>La secretaria de dicha Comisi\u00f3n, diputada Andrea Carolina Heredia Torres, explic\u00f3 que el Premio Estatal a la Gastronom\u00eda Tradicional \u201cMar\u00eda Dolores M\u00e1rquez Amezcua\u201d, consiste en el otorgamiento de un galard\u00f3n, que se entregar\u00e1 en Sesi\u00f3n Solemne que a efecto convoque el Congreso del Estado de Colima, preferentemente el d\u00eda 19 de noviembre de 2024, en el marco del D\u00eda Estatal de la Gastronom\u00eda Tradicional Colimense.<\/p>\n<p>Para mayor informaci\u00f3n, consultar la convocatoria en el siguiente enlace: https:\/\/n9.cl\/biudi<\/p>\n","protected":false},"excerpt":{"rendered":"<p>*Denominado \u201cMar\u00eda Dolores M\u00e1rquez Amezcua\u201d La presidenta de la Comisi\u00f3n de Educaci\u00f3n, Cultura, Ciencia y Tecnolog\u00eda, diputada Evangelina Bustamante Morales, dio a conocer la Convocatoria al Premio Estatal a la Gastronom\u00eda Tradicional Colimense \u201cMar\u00eda Dolores M\u00e1rquez Amezcua\u201d, edici\u00f3n 2024, cuyas propuestas se podr\u00e1n hacer a partir de este lunes 21 de octubre y hasta el&#8230;<\/p>\n","protected":false},"author":2,"featured_media":31251,"comment_status":"closed","ping_status":"open","sticky":false,"template":"","format":"standard","meta":{"footnotes":""},"categories":[1],"tags":[29,30,28],"class_list":["post-31250","post","type-post","status-publish","format-standard","has-post-thumbnail","hentry","category-espacio-legislativo","tag-grid","tag-news","tag-slider"],"_links":{"self":[{"href":"http:\/\/elobservatorio.com.mx\/index.php?rest_route=\/wp\/v2\/posts\/31250"}],"collection":[{"href":"http:\/\/elobservatorio.com.mx\/index.php?rest_route=\/wp\/v2\/posts"}],"about":[{"href":"http:\/\/elobservatorio.com.mx\/index.php?rest_route=\/wp\/v2\/types\/post"}],"author":[{"embeddable":true,"href":"http:\/\/elobservatorio.com.mx\/index.php?rest_route=\/wp\/v2\/users\/2"}],"replies":[{"embeddable":true,"href":"http:\/\/elobservatorio.com.mx\/index.php?rest_route=%2Fwp%2Fv2%2Fcomments&post=31250"}],"version-history":[{"count":1,"href":"http:\/\/elobservatorio.com.mx\/index.php?rest_route=\/wp\/v2\/posts\/31250\/revisions"}],"predecessor-version":[{"id":31252,"href":"http:\/\/elobservatorio.com.mx\/index.php?rest_route=\/wp\/v2\/posts\/31250\/revisions\/31252"}],"wp:featuredmedia":[{"embeddable":true,"href":"http:\/\/elobservatorio.com.mx\/index.php?rest_route=\/wp\/v2\/media\/31251"}],"wp:attachment":[{"href":"http:\/\/elobservatorio.com.mx\/index.php?rest_route=%2Fwp%2Fv2%2Fmedia&parent=31250"}],"wp:term":[{"taxonomy":"category","embeddable":true,"href":"http:\/\/elobservatorio.com.mx\/index.php?rest_route=%2Fwp%2Fv2%2Fcategories&post=31250"},{"taxonomy":"post_tag","embeddable":true,"href":"http:\/\/elobservatorio.com.mx\/index.php?rest_route=%2Fwp%2Fv2%2Ftags&post=31250"}],"curies":[{"name":"wp","href":"https:\/\/api.w.org\/{rel}","templated":true}]}}