{"id":31253,"date":"2024-10-21T23:37:11","date_gmt":"2024-10-22T05:37:11","guid":{"rendered":"http:\/\/elobservatorio.com.mx\/?p=31253"},"modified":"2024-10-21T23:37:11","modified_gmt":"2024-10-22T05:37:11","slug":"va-a-prision-asaltante-de-gasolineras-en-colima","status":"publish","type":"post","link":"http:\/\/elobservatorio.com.mx\/?p=31253","title":{"rendered":"Va a prisi\u00f3n asaltante de gasolineras en Colima"},"content":{"rendered":"<p><em>*Existe la probabilidad de su responsabilidad en otros atracos de este tipo que la FGE ya est\u00e1 investigando<\/em><\/p>\n<p>Rafael Arturo \u201cN\u201d de 36 a\u00f1os de edad, est\u00e1 siendo investigado derivado de su probable responsabilidad del hecho que la ley se\u00f1ala como delito de robo calificado a diversas gasolineras del municipio de Colima. En esta ocasi\u00f3n, elementos de la Fiscal\u00eda General del Estado (FGE) mediante la aportaci\u00f3n de los suficientes datos de prueba ante el \u00f3rgano jurisdiccional, lograron su vinculaci\u00f3n a proceso por un asunto de esta \u00edndole ocurrido en un establecimiento de este giro ubicado en la colonia Francisco Villa del municipio de Colima.<\/p>\n<p>De acuerdo a lo establecido en la carpeta de investigaci\u00f3n por el hecho que fue vinculado, el pasado 16 de octubre el imputado lleg\u00f3 al lugar a bordo de una camioneta blanca de la l\u00ednea Tacoma y cuando la despachadora se dispon\u00eda a cargarle gasolina, \u00e9ste le grit\u00f3 apunt\u00e1ndole con un arma de fuego y exigi\u00e9ndole dinero en efectivo; de la misma forma, realiz\u00f3 el mismo proceso con otro despachador consiguiendo dinero de las ventas; posteriormente al realizar el cometido huy\u00f3 y fue detenido por elementos de la Polic\u00eda Estatal.<\/p>\n<p>Luego de su captura por la autoridad, fue puesto a disposici\u00f3n del ministerio p\u00fablico mismo que al llevar a cabo las indagatorias pertinentes lo remiti\u00f3 al Juez de Control, consiguiendo para el imputado la vinculaci\u00f3n a proceso con la medida cautelar de prisi\u00f3n preventiva y tres meses para la investigaci\u00f3n complementaria.<\/p>\n<p>La FGE sigue trabajando en coordinaci\u00f3n con los tres \u00f3rdenes de gobierno en beneficio y paz de la sociedad colimense en la investigaci\u00f3n y persecuci\u00f3n de los delitos que afectan a la sociedad, as\u00ed como a los diferentes establecimientos e instituciones, privilegiando con ello la reparaci\u00f3n del da\u00f1o y que quienes resulten responsables de los actos, sean llevados ante la justicia y paguen con el castigo que por ley se establece.<\/p>\n<p>Por ello se sigue invitando a la poblaci\u00f3n a que ante cualquier conducta delictiva, realicen su reporte al 089 para la denuncia an\u00f3nima o al 911 ante las emergencias. Su participaci\u00f3n es fundamental para la instituci\u00f3n.<\/p>\n","protected":false},"excerpt":{"rendered":"<p>*Existe la probabilidad de su responsabilidad en otros atracos de este tipo que la FGE ya est\u00e1 investigando Rafael Arturo \u201cN\u201d de 36 a\u00f1os de edad, est\u00e1 siendo investigado derivado de su probable responsabilidad del hecho que la ley se\u00f1ala como delito de robo calificado a diversas gasolineras del municipio de Colima. En esta ocasi\u00f3n,&#8230;<\/p>\n","protected":false},"author":2,"featured_media":31254,"comment_status":"closed","ping_status":"open","sticky":false,"template":"","format":"standard","meta":{"footnotes":""},"categories":[15],"tags":[29,30,28],"class_list":["post-31253","post","type-post","status-publish","format-standard","has-post-thumbnail","hentry","category-seguridad-y-justicia","tag-grid","tag-news","tag-slider"],"_links":{"self":[{"href":"http:\/\/elobservatorio.com.mx\/index.php?rest_route=\/wp\/v2\/posts\/31253"}],"collection":[{"href":"http:\/\/elobservatorio.com.mx\/index.php?rest_route=\/wp\/v2\/posts"}],"about":[{"href":"http:\/\/elobservatorio.com.mx\/index.php?rest_route=\/wp\/v2\/types\/post"}],"author":[{"embeddable":true,"href":"http:\/\/elobservatorio.com.mx\/index.php?rest_route=\/wp\/v2\/users\/2"}],"replies":[{"embeddable":true,"href":"http:\/\/elobservatorio.com.mx\/index.php?rest_route=%2Fwp%2Fv2%2Fcomments&post=31253"}],"version-history":[{"count":1,"href":"http:\/\/elobservatorio.com.mx\/index.php?rest_route=\/wp\/v2\/posts\/31253\/revisions"}],"predecessor-version":[{"id":31255,"href":"http:\/\/elobservatorio.com.mx\/index.php?rest_route=\/wp\/v2\/posts\/31253\/revisions\/31255"}],"wp:featuredmedia":[{"embeddable":true,"href":"http:\/\/elobservatorio.com.mx\/index.php?rest_route=\/wp\/v2\/media\/31254"}],"wp:attachment":[{"href":"http:\/\/elobservatorio.com.mx\/index.php?rest_route=%2Fwp%2Fv2%2Fmedia&parent=31253"}],"wp:term":[{"taxonomy":"category","embeddable":true,"href":"http:\/\/elobservatorio.com.mx\/index.php?rest_route=%2Fwp%2Fv2%2Fcategories&post=31253"},{"taxonomy":"post_tag","embeddable":true,"href":"http:\/\/elobservatorio.com.mx\/index.php?rest_route=%2Fwp%2Fv2%2Ftags&post=31253"}],"curies":[{"name":"wp","href":"https:\/\/api.w.org\/{rel}","templated":true}]}}