{"id":31268,"date":"2024-10-22T17:55:57","date_gmt":"2024-10-22T23:55:57","guid":{"rendered":"http:\/\/elobservatorio.com.mx\/?p=31268"},"modified":"2024-10-22T17:55:57","modified_gmt":"2024-10-22T23:55:57","slug":"reconocen-jubilados-a-udec-por-sus-acciones-en-favor-de-colima-y-la-region","status":"publish","type":"post","link":"http:\/\/elobservatorio.com.mx\/?p=31268","title":{"rendered":"Reconocen jubilados a UdeC por sus acciones en favor de Colima y la regi\u00f3n"},"content":{"rendered":"<p><em>*\u201cEn sus 84 a\u00f1os de vida, la UdeC ha sido capaz de tejer s\u00f3lidas redes de servicio y transferencia del conocimiento gracias a la actividad de miles de personas transitando por sus espacios acad\u00e9micos y centros laborales\u201d: Christian Torres Ortiz, rector.<\/em><\/p>\n<p>Este martes, durante la celebraci\u00f3n de su d\u00e9cimo primer aniversario, la Asociaci\u00f3n de Jubilados y Pensionados de la Universidad de Colima otorg\u00f3 a esta Casa de Estudios el reconocimiento \u201cPor la generosidad compartida\u201d, reconociendo \u201cla gran trascendencia de sus acciones en favor de la sociedad colimense y de la regi\u00f3n.<\/p>\n<p>El reconocimiento lo recibi\u00f3 el rector Christian Jorge Torres Ortiz Zerme\u00f1o, en nombre de la comunidad universitaria. Despu\u00e9s del acto, las y los asistentes disfrutaron de un desayuno que estuvo amenizado por el Grupo Litoral de la UdeC.<\/p>\n<p>En su discurso, el rector agradeci\u00f3 a la Asociaci\u00f3n por este reconocimiento. \u201cEn sus 84 a\u00f1os de vida, la UdeC ha sido capaz de tejer s\u00f3lidas redes de servicio y transferencia del conocimiento gracias a la actividad de miles de personas transitando por sus espacios acad\u00e9micos y centros laborales. Es gracias a todas y todos ellos, que con sus acciones se ha construido la historia de nuestra Universidad. Nuestros jubilados y jubiladas son importantes para la instituci\u00f3n, t\u00e9nganlo muy presente, porque su contribuci\u00f3n ha sido fundamental para la construcci\u00f3n de esta gran instituci\u00f3n\u201d.<\/p>\n<p>\u201cQuien estudia, lucha o trabaja en la Universidad -agreg\u00f3 el rector- tiene un papel fundamental para preservar y acrecentar el legado de las generaciones que nos antecedieron, pero, sobre todo, ha desarrollado una conciencia social en la academia, la investigaci\u00f3n y la cultura\u201d.<\/p>\n<p>Resalt\u00f3 que el trabajo innovador y comprometido de las generaciones de quienes ahora son jubilados y jubiladas de la instituci\u00f3n \u201cha sido fundamental para alcanzar el reconocimiento actual que nos llena de orgullo\u201d.<\/p>\n<p>Jes\u00fas Campos S\u00e1nchez, presidente de la Asociaci\u00f3n de Jubilados y Pensionados de la Universidad de Colima, resalt\u00f3 que durante su administraci\u00f3n \u201chemos cristalizado diversos convenios con diferentes empresas que nos apoyan con descuentos; adem\u00e1s, hemos promovido charlas, conferencias, asesor\u00eda fiscal y jur\u00eddica, as\u00ed como cursos de canto, pintura y escultura\u201d.<\/p>\n<p>La Asociaci\u00f3n, dijo, \u201cagradece el decidido respaldo del rector hac\u00eda las iniciativas que hemos emprendido, lo que nos anima a seguir por el camino del servicio y la atenci\u00f3n a las necesidades de los jubilados y pensionados universitarios\u201d.<\/p>\n<p>Sobre el reconocimiento otorgado, dijo que \u201cla Universidad de Colima es una comunidad para la investigaci\u00f3n y la docencia, una organizaci\u00f3n del saber y al mismo tiempo un espacio para la generaci\u00f3n de pensamiento cient\u00edfico que goza de una conducci\u00f3n prudente, firme, inteligente y resuelta\u201d.<\/p>\n<p>Carlos Eduardo Monroy Galindo, secretario t\u00e9cnico de la UdeC, hizo la semblanza de la Universidad. \u201cCon el liderazgo de veinte rectores y una comunidad comprometida, la M\u00e1xima Casa de Estudios de los Colimenses registra momentos hist\u00f3ricos que dan cuenta de su vocaci\u00f3n de servicio y acciones permanentes en favor de la sociedad, que responden plenamente al objetivo del reconocimiento por la generosidad compartida\u201d.<\/p>\n<p>Luis Barbosa Garc\u00eda, presidente de la Comisi\u00f3n de Honor y Justicia de Jubilados y Pensionados de la Universidad de Colima, A. C., fue el encargado de leer el dictamen por el que se le otorg\u00f3 a la UdeC este reconocimiento. \u201cPor la gran trascendencia de sus acciones en favor de la sociedad colimense y de la regi\u00f3n, formando profesionistas de alta calidad, compartiendo los resultados obtenidos por sus investigadores, rescatando y difundiendo la cultura y por su apoyo a los miembros de esta asociaci\u00f3n\u201d.<\/p>\n","protected":false},"excerpt":{"rendered":"<p>*\u201cEn sus 84 a\u00f1os de vida, la UdeC ha sido capaz de tejer s\u00f3lidas redes de servicio y transferencia del conocimiento gracias a la actividad de miles de personas transitando por sus espacios acad\u00e9micos y centros laborales\u201d: Christian Torres Ortiz, rector. Este martes, durante la celebraci\u00f3n de su d\u00e9cimo primer aniversario, la Asociaci\u00f3n de Jubilados&#8230;<\/p>\n","protected":false},"author":2,"featured_media":31269,"comment_status":"closed","ping_status":"open","sticky":false,"template":"","format":"standard","meta":{"footnotes":""},"categories":[14],"tags":[29,30,28],"class_list":["post-31268","post","type-post","status-publish","format-standard","has-post-thumbnail","hentry","category-educacion-y-cultura","tag-grid","tag-news","tag-slider"],"_links":{"self":[{"href":"http:\/\/elobservatorio.com.mx\/index.php?rest_route=\/wp\/v2\/posts\/31268"}],"collection":[{"href":"http:\/\/elobservatorio.com.mx\/index.php?rest_route=\/wp\/v2\/posts"}],"about":[{"href":"http:\/\/elobservatorio.com.mx\/index.php?rest_route=\/wp\/v2\/types\/post"}],"author":[{"embeddable":true,"href":"http:\/\/elobservatorio.com.mx\/index.php?rest_route=\/wp\/v2\/users\/2"}],"replies":[{"embeddable":true,"href":"http:\/\/elobservatorio.com.mx\/index.php?rest_route=%2Fwp%2Fv2%2Fcomments&post=31268"}],"version-history":[{"count":1,"href":"http:\/\/elobservatorio.com.mx\/index.php?rest_route=\/wp\/v2\/posts\/31268\/revisions"}],"predecessor-version":[{"id":31270,"href":"http:\/\/elobservatorio.com.mx\/index.php?rest_route=\/wp\/v2\/posts\/31268\/revisions\/31270"}],"wp:featuredmedia":[{"embeddable":true,"href":"http:\/\/elobservatorio.com.mx\/index.php?rest_route=\/wp\/v2\/media\/31269"}],"wp:attachment":[{"href":"http:\/\/elobservatorio.com.mx\/index.php?rest_route=%2Fwp%2Fv2%2Fmedia&parent=31268"}],"wp:term":[{"taxonomy":"category","embeddable":true,"href":"http:\/\/elobservatorio.com.mx\/index.php?rest_route=%2Fwp%2Fv2%2Fcategories&post=31268"},{"taxonomy":"post_tag","embeddable":true,"href":"http:\/\/elobservatorio.com.mx\/index.php?rest_route=%2Fwp%2Fv2%2Ftags&post=31268"}],"curies":[{"name":"wp","href":"https:\/\/api.w.org\/{rel}","templated":true}]}}