{"id":31271,"date":"2024-10-22T18:12:58","date_gmt":"2024-10-23T00:12:58","guid":{"rendered":"http:\/\/elobservatorio.com.mx\/?p=31271"},"modified":"2024-10-22T18:12:58","modified_gmt":"2024-10-23T00:12:58","slug":"designan-a-manuel-ignacio-zambada-torres-encargado-del-despacho-de-la-ceac","status":"publish","type":"post","link":"http:\/\/elobservatorio.com.mx\/?p=31271","title":{"rendered":"Designan a Manuel Ignacio Zambada Torres encargado del despacho de la CEAC"},"content":{"rendered":"<p>La secretaria de Infraestructura, Desarrollo Urbano y Movilidad (Seidum), Marisol Neri Le\u00f3n, entreg\u00f3 el nombramiento como encargado del despacho de la Comisi\u00f3n Estatal del Agua de Colima (CEAC) a Manuel Ignacio Zambada Torres.<\/p>\n<p>La titular de Seidum le dese\u00f3 todo el \u00e9xito en su nueva encomienda y extern\u00f3 la confianza para cumplir con puntualidad las actividades de esta Comisi\u00f3n, as\u00ed como fortalecer las acciones para seguir garantizando el derecho de las y los colimenses al agua.<\/p>\n","protected":false},"excerpt":{"rendered":"<p>La secretaria de Infraestructura, Desarrollo Urbano y Movilidad (Seidum), Marisol Neri Le\u00f3n, entreg\u00f3 el nombramiento como encargado del despacho de la Comisi\u00f3n Estatal del Agua de Colima (CEAC) a Manuel Ignacio Zambada Torres. La titular de Seidum le dese\u00f3 todo el \u00e9xito en su nueva encomienda y extern\u00f3 la confianza para cumplir con puntualidad las&#8230;<\/p>\n","protected":false},"author":2,"featured_media":31272,"comment_status":"closed","ping_status":"open","sticky":false,"template":"","format":"standard","meta":{"footnotes":""},"categories":[19],"tags":[29,30,28],"class_list":["post-31271","post","type-post","status-publish","format-standard","has-post-thumbnail","hentry","category-fotonotas","tag-grid","tag-news","tag-slider"],"_links":{"self":[{"href":"http:\/\/elobservatorio.com.mx\/index.php?rest_route=\/wp\/v2\/posts\/31271"}],"collection":[{"href":"http:\/\/elobservatorio.com.mx\/index.php?rest_route=\/wp\/v2\/posts"}],"about":[{"href":"http:\/\/elobservatorio.com.mx\/index.php?rest_route=\/wp\/v2\/types\/post"}],"author":[{"embeddable":true,"href":"http:\/\/elobservatorio.com.mx\/index.php?rest_route=\/wp\/v2\/users\/2"}],"replies":[{"embeddable":true,"href":"http:\/\/elobservatorio.com.mx\/index.php?rest_route=%2Fwp%2Fv2%2Fcomments&post=31271"}],"version-history":[{"count":1,"href":"http:\/\/elobservatorio.com.mx\/index.php?rest_route=\/wp\/v2\/posts\/31271\/revisions"}],"predecessor-version":[{"id":31273,"href":"http:\/\/elobservatorio.com.mx\/index.php?rest_route=\/wp\/v2\/posts\/31271\/revisions\/31273"}],"wp:featuredmedia":[{"embeddable":true,"href":"http:\/\/elobservatorio.com.mx\/index.php?rest_route=\/wp\/v2\/media\/31272"}],"wp:attachment":[{"href":"http:\/\/elobservatorio.com.mx\/index.php?rest_route=%2Fwp%2Fv2%2Fmedia&parent=31271"}],"wp:term":[{"taxonomy":"category","embeddable":true,"href":"http:\/\/elobservatorio.com.mx\/index.php?rest_route=%2Fwp%2Fv2%2Fcategories&post=31271"},{"taxonomy":"post_tag","embeddable":true,"href":"http:\/\/elobservatorio.com.mx\/index.php?rest_route=%2Fwp%2Fv2%2Ftags&post=31271"}],"curies":[{"name":"wp","href":"https:\/\/api.w.org\/{rel}","templated":true}]}}