{"id":31274,"date":"2024-10-22T18:25:53","date_gmt":"2024-10-23T00:25:53","guid":{"rendered":"http:\/\/elobservatorio.com.mx\/?p=31274"},"modified":"2024-10-22T18:25:53","modified_gmt":"2024-10-23T00:25:53","slug":"premian-a-ganadores-del-reto-camp-2024-en-manzanillo","status":"publish","type":"post","link":"http:\/\/elobservatorio.com.mx\/?p=31274","title":{"rendered":"Premian a ganadores del Reto Camp 2024, en Manzanillo"},"content":{"rendered":"<p><em>*El rector de la UdeC felicit\u00f3 a los estudiantes por su participaci\u00f3n en el reto y resalt\u00f3 la necesidad de vincular a la Universidad con el entorno empresarial y gubernamental, especialmente en Manzanillo, un puerto estrat\u00e9gico para el pa\u00eds.<\/em><\/p>\n<p>En ceremonia realizada este lunes en el campus El Naranjo de la Universidad de Colima, se realiz\u00f3 la entrega de premios a los ganadores del Reto Camp 2024, un evento que reuni\u00f3 a 850 estudiantes. La competencia, organizada por la Direcci\u00f3n General de Innovaci\u00f3n y Cultura Emprendedora de esta casa de estudios, se llev\u00f3 a cabo los d\u00edas 4, 5 y 6 de octubre y desafi\u00f3 a los j\u00f3venes a resolver problemas reales de empresas locales.<\/p>\n<p>En la premiaci\u00f3n, el rector de la UdeC, Christian Jorge Torres Ortiz Zerme\u00f1o, destac\u00f3 la importancia de este tipo de actividades para el desarrollo de habilidades de innovaci\u00f3n y emprendimiento entre los estudiantes. Dijo que la UdeC est\u00e1 comprometida no s\u00f3lo con el desarrollo de una visi\u00f3n emprendedora en las y los estudiantes, sino en que colaboren en proyectos conjuntos, alumnos y alumnas de diferentes carreras y campus. \u201cEste enfoque ser\u00e1 clave en el nuevo modelo educativo que la instituci\u00f3n est\u00e1 desarrollando\u201d.<\/p>\n<p>El rector felicit\u00f3 a los estudiantes por su participaci\u00f3n en el reto y resalt\u00f3 la necesidad de vincular a la universidad con el entorno empresarial y gubernamental, especialmente en Manzanillo, un puerto estrat\u00e9gico para el pa\u00eds. Tambi\u00e9n anunci\u00f3 que la pr\u00f3xima Expo i+E UCOL \u201cEmprende hoy, transforma el ma\u00f1ana\u201d, que se realizar\u00e1 el 9 de noviembre, forma parte de las actividades por el 84 aniversario de la UdeC.<\/p>\n<p>Las y los ganadores del Reto Camp 2024 fueron: Primer lugar, el Equipo 22, que colabor\u00f3 con la empresa Sal Real de Colima. Ellas y ellos ganaron 10 mil pesos y un certificado para una beca parcial en el programa Experience de TrepCamp, que les permitir\u00e1 viajar a Nueva York o Madrid en 2025. Su proyecto consisti\u00f3 en optimizar el proceso de obtenci\u00f3n de salmuera, acelerando el tiempo de reposo del agua.<\/p>\n<p>El segundo lugar fue para el Equipo 24, que trabaj\u00f3 con Grupo CIMA desarrollando un sistema de seguimiento en tiempo real para mejorar la experiencia del cliente mediante inteligencia artificial. Su premio incluy\u00f3 una estancia de dos noches en el Hotel Tesoro de Manzanillo y una beca parcial para el programa Experience\u2026<\/p>\n<p>El tercer lugar lo gan\u00f3 el Equipo 18, que colabor\u00f3 con la empresa Combustible de Transici\u00f3n Energ\u00e9tica, desarrollando un sistema de monitoreo en tiempo real para tractocamiones. Su reconocimiento fue una beca parcial para el programa Experience&#8230;<\/p>\n<p>La doctora Krishna Neith Guzm\u00e1n Benavides, directora general de Innovaci\u00f3n y Cultura Emprendedora, resalt\u00f3 la magnitud de la actividad, que reuni\u00f3 a 850 estudiantes, talleristas, staff y empresarios. Explic\u00f3 que uno de los logros m\u00e1s significativos fue la firma de contratos por m\u00e1s de 100 mil pesos con empresas locales, y que los participantes tuvieron la oportunidad de establecer contacto con importantes actores del sector empresarial de Manzanillo.<\/p>\n<p>El Reto Camp no s\u00f3lo promueve la colaboraci\u00f3n interdisciplinaria entre los estudiantes, sino que tambi\u00e9n busca preparar a los j\u00f3venes para enfrentar desaf\u00edos del mundo laboral, fomentando la cultura del emprendimiento y el trabajo en red en un entorno altamente competitivo.<\/p>\n<p>&nbsp;<\/p>\n<p>&nbsp;<\/p>\n","protected":false},"excerpt":{"rendered":"<p>*El rector de la UdeC felicit\u00f3 a los estudiantes por su participaci\u00f3n en el reto y resalt\u00f3 la necesidad de vincular a la Universidad con el entorno empresarial y gubernamental, especialmente en Manzanillo, un puerto estrat\u00e9gico para el pa\u00eds. En ceremonia realizada este lunes en el campus El Naranjo de la Universidad de Colima, se&#8230;<\/p>\n","protected":false},"author":2,"featured_media":31275,"comment_status":"closed","ping_status":"open","sticky":false,"template":"","format":"standard","meta":{"footnotes":""},"categories":[14],"tags":[29,30,28],"class_list":["post-31274","post","type-post","status-publish","format-standard","has-post-thumbnail","hentry","category-educacion-y-cultura","tag-grid","tag-news","tag-slider"],"_links":{"self":[{"href":"http:\/\/elobservatorio.com.mx\/index.php?rest_route=\/wp\/v2\/posts\/31274"}],"collection":[{"href":"http:\/\/elobservatorio.com.mx\/index.php?rest_route=\/wp\/v2\/posts"}],"about":[{"href":"http:\/\/elobservatorio.com.mx\/index.php?rest_route=\/wp\/v2\/types\/post"}],"author":[{"embeddable":true,"href":"http:\/\/elobservatorio.com.mx\/index.php?rest_route=\/wp\/v2\/users\/2"}],"replies":[{"embeddable":true,"href":"http:\/\/elobservatorio.com.mx\/index.php?rest_route=%2Fwp%2Fv2%2Fcomments&post=31274"}],"version-history":[{"count":1,"href":"http:\/\/elobservatorio.com.mx\/index.php?rest_route=\/wp\/v2\/posts\/31274\/revisions"}],"predecessor-version":[{"id":31276,"href":"http:\/\/elobservatorio.com.mx\/index.php?rest_route=\/wp\/v2\/posts\/31274\/revisions\/31276"}],"wp:featuredmedia":[{"embeddable":true,"href":"http:\/\/elobservatorio.com.mx\/index.php?rest_route=\/wp\/v2\/media\/31275"}],"wp:attachment":[{"href":"http:\/\/elobservatorio.com.mx\/index.php?rest_route=%2Fwp%2Fv2%2Fmedia&parent=31274"}],"wp:term":[{"taxonomy":"category","embeddable":true,"href":"http:\/\/elobservatorio.com.mx\/index.php?rest_route=%2Fwp%2Fv2%2Fcategories&post=31274"},{"taxonomy":"post_tag","embeddable":true,"href":"http:\/\/elobservatorio.com.mx\/index.php?rest_route=%2Fwp%2Fv2%2Ftags&post=31274"}],"curies":[{"name":"wp","href":"https:\/\/api.w.org\/{rel}","templated":true}]}}