{"id":3128,"date":"2019-03-14T22:23:12","date_gmt":"2019-03-14T22:23:12","guid":{"rendered":"http:\/\/elobservatorio.com.mx\/ahora-se-busca-a-dona-veronica-rivas-de-51-anos-de-tecoman"},"modified":"2019-03-14T22:38:48","modified_gmt":"2019-03-14T22:38:48","slug":"ahora-se-busca-a-dona-veronica-rivas-de-51-anos-de-tecoman","status":"publish","type":"post","link":"http:\/\/elobservatorio.com.mx\/?p=3128","title":{"rendered":"Ahora se busca a do\u00f1a Ver\u00f3nica Rivas, de 51 a\u00f1os, de Tecom\u00e1n"},"content":{"rendered":"<p>Se activ\u00f3 Alerta Alba para localizar a la se\u00f1ora Ver\u00f3nica Rivas Murataya, de 51 a\u00f1os de edad, la cual fue vista por \u00faltima vez el 11 de marzo (presente mes) cuando se dirig\u00eda a hacer un pago a la colonia Griselda Alvarez en Tecom\u00e1n<\/p>\n<p>El Protocolo Estatal Alerta Alba solicita su apoyo y colaboraci\u00f3n para difundir los datos de esta persona que no ha sido localizada. Fue vista por \u00faltima vez cuando se dirig\u00eda a la Colonia Griselda \u00c1lvarez de la Ciudad de Tecom\u00e1n.<\/p>\n","protected":false},"excerpt":{"rendered":"<p>Se activ\u00f3 Alerta Alba para localizar a la se\u00f1ora Ver\u00f3nica Rivas Murataya, de 51 a\u00f1os de edad, la cual fue vista por \u00faltima vez el 11 de marzo (presente mes) cuando se dirig\u00eda a hacer un pago a la colonia Griselda Alvarez en Tecom\u00e1n El Protocolo Estatal Alerta Alba solicita su apoyo y colaboraci\u00f3n para&#8230;<\/p>\n","protected":false},"author":2,"featured_media":3133,"comment_status":"open","ping_status":"open","sticky":false,"template":"","format":"standard","meta":{"footnotes":""},"categories":[15],"tags":[29,30,28],"class_list":["post-3128","post","type-post","status-publish","format-standard","has-post-thumbnail","hentry","category-seguridad-y-justicia","tag-grid","tag-news","tag-slider"],"_links":{"self":[{"href":"http:\/\/elobservatorio.com.mx\/index.php?rest_route=\/wp\/v2\/posts\/3128"}],"collection":[{"href":"http:\/\/elobservatorio.com.mx\/index.php?rest_route=\/wp\/v2\/posts"}],"about":[{"href":"http:\/\/elobservatorio.com.mx\/index.php?rest_route=\/wp\/v2\/types\/post"}],"author":[{"embeddable":true,"href":"http:\/\/elobservatorio.com.mx\/index.php?rest_route=\/wp\/v2\/users\/2"}],"replies":[{"embeddable":true,"href":"http:\/\/elobservatorio.com.mx\/index.php?rest_route=%2Fwp%2Fv2%2Fcomments&post=3128"}],"version-history":[{"count":0,"href":"http:\/\/elobservatorio.com.mx\/index.php?rest_route=\/wp\/v2\/posts\/3128\/revisions"}],"wp:featuredmedia":[{"embeddable":true,"href":"http:\/\/elobservatorio.com.mx\/index.php?rest_route=\/wp\/v2\/media\/3133"}],"wp:attachment":[{"href":"http:\/\/elobservatorio.com.mx\/index.php?rest_route=%2Fwp%2Fv2%2Fmedia&parent=3128"}],"wp:term":[{"taxonomy":"category","embeddable":true,"href":"http:\/\/elobservatorio.com.mx\/index.php?rest_route=%2Fwp%2Fv2%2Fcategories&post=3128"},{"taxonomy":"post_tag","embeddable":true,"href":"http:\/\/elobservatorio.com.mx\/index.php?rest_route=%2Fwp%2Fv2%2Ftags&post=3128"}],"curies":[{"name":"wp","href":"https:\/\/api.w.org\/{rel}","templated":true}]}}