{"id":31330,"date":"2024-10-30T15:53:53","date_gmt":"2024-10-30T21:53:53","guid":{"rendered":"http:\/\/elobservatorio.com.mx\/?p=31330"},"modified":"2024-10-30T15:53:53","modified_gmt":"2024-10-30T21:53:53","slug":"manzanillo-celebra-el-festival-de-dia-de-muertos-nuestro-puerto-por-siempre","status":"publish","type":"post","link":"http:\/\/elobservatorio.com.mx\/?p=31330","title":{"rendered":"Manzanillo Celebra el Festival de D\u00eda de Muertos \u00abNuestro Puerto por Siempre\u00bb"},"content":{"rendered":"<p>Este jueves 31 de octubre, la Plazoleta La Perlita, a un costado del Muelle Tur\u00edstico en el Centro de Manzanillo, se llenar\u00e1 de vida y color para celebrar el Festival de D\u00eda de Muertos \u201cNuestro Puerto por Siempre\u201d. Un evento lleno de cultura, tradici\u00f3n y entretenimiento para toda la familia.<\/p>\n<p>El evento comenzar\u00e1 a partir de las 5:00 de la tarde con la presentaci\u00f3n del solista Jorge Hern\u00e1ndez, seguida por la intervenci\u00f3n de la int\u00e9rprete de cuentacuentos Yanet Rinc\u00f3n. Durante el festival, los asistentes podr\u00e1n disfrutar de actividades y regalos proporcionados por las Terminales Portuarias participantes en el evento.<\/p>\n<p>Dentro de las amenidades, se regalar\u00e1 pan de muerto, caf\u00e9 y agua fresca, adem\u00e1s de pintacaritas para los m\u00e1s peque\u00f1os de la familia. Coloridos arreglos florales de temporada adornaran para la toma de fotograf\u00edas en familia, adem\u00e1s de una amplia variedad de artesan\u00edas y productos del mercado alternativo de Manzanillo.<\/p>\n<p>Todas las familias de Manzanillo est\u00e1n invitadas a unirse a esta celebraci\u00f3n \u00fanica que resaltar\u00e1 nuestras tradiciones y fortalecer\u00e1 el sentido de comunidad. Este evento es organizado por la Administraci\u00f3n del Sistema Portuario Nacional Manzanillo en coordinaci\u00f3n con la Comunidad Portuaria de Manzanillo, la Universidad de Colima, SSA Marine M\u00e9xico, Granelera Manzanillo, Corporaci\u00f3n Multimodal y Contecon Manzanillo.<\/p>\n","protected":false},"excerpt":{"rendered":"<p>Este jueves 31 de octubre, la Plazoleta La Perlita, a un costado del Muelle Tur\u00edstico en el Centro de Manzanillo, se llenar\u00e1 de vida y color para celebrar el Festival de D\u00eda de Muertos \u201cNuestro Puerto por Siempre\u201d. Un evento lleno de cultura, tradici\u00f3n y entretenimiento para toda la familia. El evento comenzar\u00e1 a partir&#8230;<\/p>\n","protected":false},"author":2,"featured_media":31331,"comment_status":"closed","ping_status":"open","sticky":false,"template":"","format":"standard","meta":{"footnotes":""},"categories":[8,35],"tags":[29,30,28],"class_list":["post-31330","post","type-post","status-publish","format-standard","has-post-thumbnail","hentry","category-municipios","category-manzanillo","tag-grid","tag-news","tag-slider"],"_links":{"self":[{"href":"http:\/\/elobservatorio.com.mx\/index.php?rest_route=\/wp\/v2\/posts\/31330"}],"collection":[{"href":"http:\/\/elobservatorio.com.mx\/index.php?rest_route=\/wp\/v2\/posts"}],"about":[{"href":"http:\/\/elobservatorio.com.mx\/index.php?rest_route=\/wp\/v2\/types\/post"}],"author":[{"embeddable":true,"href":"http:\/\/elobservatorio.com.mx\/index.php?rest_route=\/wp\/v2\/users\/2"}],"replies":[{"embeddable":true,"href":"http:\/\/elobservatorio.com.mx\/index.php?rest_route=%2Fwp%2Fv2%2Fcomments&post=31330"}],"version-history":[{"count":1,"href":"http:\/\/elobservatorio.com.mx\/index.php?rest_route=\/wp\/v2\/posts\/31330\/revisions"}],"predecessor-version":[{"id":31332,"href":"http:\/\/elobservatorio.com.mx\/index.php?rest_route=\/wp\/v2\/posts\/31330\/revisions\/31332"}],"wp:featuredmedia":[{"embeddable":true,"href":"http:\/\/elobservatorio.com.mx\/index.php?rest_route=\/wp\/v2\/media\/31331"}],"wp:attachment":[{"href":"http:\/\/elobservatorio.com.mx\/index.php?rest_route=%2Fwp%2Fv2%2Fmedia&parent=31330"}],"wp:term":[{"taxonomy":"category","embeddable":true,"href":"http:\/\/elobservatorio.com.mx\/index.php?rest_route=%2Fwp%2Fv2%2Fcategories&post=31330"},{"taxonomy":"post_tag","embeddable":true,"href":"http:\/\/elobservatorio.com.mx\/index.php?rest_route=%2Fwp%2Fv2%2Ftags&post=31330"}],"curies":[{"name":"wp","href":"https:\/\/api.w.org\/{rel}","templated":true}]}}