{"id":3135,"date":"2019-03-15T00:13:25","date_gmt":"2019-03-15T00:13:25","guid":{"rendered":"http:\/\/elobservatorio.com.mx\/regidores-salen-a-volantear-para-promover-ultimos-dias-de-descuento-en-el-predial"},"modified":"2019-03-15T00:13:25","modified_gmt":"2019-03-15T00:13:25","slug":"regidores-salen-a-volantear-para-promover-ultimos-dias-de-descuento-en-el-predial","status":"publish","type":"post","link":"http:\/\/elobservatorio.com.mx\/?p=3135","title":{"rendered":"Regidores salen a  volantear para promover  \u00faltimos d\u00edas de descuento en el predial"},"content":{"rendered":"<div>Tecom\u00e1n, Colima, M\u00e9xico.- Regidores de las diferentes fracciones en el cabildo tecomense, llevaron a cabo un volanteo en la planta baja de la Presidencia Municipal, para que aprovechen los descuentos que se otorgan del 100 por ciento de multas y recargos en predial y Agua Potable, durante todo el mes de marzo.<\/div>\n<div><\/div>\n<div>El Regidor, Serapio de Casas, de la fracci\u00f3n Morena, dijo que a ra\u00edz de la baja recaudaci\u00f3n en los impuestos, solicit\u00f3 en un punto de acuerdo al Congreso del Estado, para que se otorgara este beneficio, mismo\u00a0 que fue aprobado por\u00a0 todo el cabildo.<\/div>\n<div class=\"separator\"><\/div>\n<div>Asimismo, subray\u00f3 que gracias a estas contribuciones se siguen ofertando buenos servicios p\u00fablicos en materia de alumbrado, recolecci\u00f3n de basura, obras municipales y Seguridad P\u00fablica.<\/div>\n<div><\/div>\n<div>Por su parte, la Regidora, Elo\u00edsa Chavarr\u00edas Barajas, de la fracci\u00f3n Verde Ecologista, coment\u00f3 que se suma a estas acciones por el bien de los tecomenses y as\u00ed apoyar para que el Presidente Municipal, haga un buen papel \u00abtodos tenemos que contribuir para que tenga recursos el Ayuntamiento, la campa\u00f1a ya pas\u00f3\u00bb, apunt\u00f3.<\/div>\n<div>\n<div><\/div>\n<div>Asimismo, el Regidor, Arturo Garc\u00eda Negrete, de la fracci\u00f3n panista, invit\u00f3 a la poblaci\u00f3n a que se sumen a esta gran oportunidad de aprovechar los descuentos que el Congreso del Estado aprob\u00f3 \u00abque esta oportunidad no s\u00e9 deje ir y que se aproveche\u00bb coment\u00f3.<\/div>\n<div><\/div>\n<div>El Regidor, \u00c1ngel Venegas L\u00f3pez, de la extracci\u00f3n Morena, manifest\u00f3 que esta uni\u00f3n entre los regidores, es con el fin de otorgarle a la ciudadan\u00eda facilidades de pago en los impuestos municipales.<\/div>\n<div><\/div>\n<div>Por ello, anunci\u00f3 que de la misma manera, estar\u00e1n visitando las comunidades rurales para que aprovechen estos descuentos del 100 porciento.<\/div>\n<div><\/div>\n<div>Por su parte, la Regidora Karent Machuca, asever\u00f3 que son un buen equipo de trabajo, \u00abclaro ejemplo de esto es coadyuvar para que se hagan las obras y para ello se requiere sumar esfuerzos para mejorar la recaudaci\u00f3n\u00bb, asent\u00f3.<\/div>\n<div>Finalmente, la Regidora de la fracci\u00f3n morenista, Rosa Quintana, reiter\u00f3 la invitaci\u00f3n a los ciudadanos para que se acerquen a las cajas de la tesorer\u00eda que se ubican en la Presidencia Municipal, y aprovechen este descuento que brinda el Ayuntamiento que encabeza Elias Lozano.<\/div>\n<div>\n<div id='gallery-1' class='gallery galleryid-3135 gallery-columns-3 gallery-size-large'><figure class='gallery-item'>\n\t\t\t<div class='gallery-icon landscape'>\n\t\t\t\t<a href='http:\/\/elobservatorio.com.mx\/?attachment_id=3137'><img loading=\"lazy\" decoding=\"async\" width=\"640\" height=\"480\" src=\"http:\/\/elobservatorio.com.mx\/wp-content\/uploads\/2019\/03\/Regidores1.jpg\" class=\"attachment-large size-large\" alt=\"\" srcset=\"http:\/\/elobservatorio.com.mx\/wp-content\/uploads\/2019\/03\/Regidores1.jpg 900w, http:\/\/elobservatorio.com.mx\/wp-content\/uploads\/2019\/03\/Regidores1-300x225.jpg 300w, http:\/\/elobservatorio.com.mx\/wp-content\/uploads\/2019\/03\/Regidores1-768x576.jpg 768w\" sizes=\"(max-width: 640px) 100vw, 640px\" \/><\/a>\n\t\t\t<\/div><\/figure><figure class='gallery-item'>\n\t\t\t<div class='gallery-icon landscape'>\n\t\t\t\t<a href='http:\/\/elobservatorio.com.mx\/?attachment_id=3139'><img loading=\"lazy\" decoding=\"async\" width=\"640\" height=\"480\" src=\"http:\/\/elobservatorio.com.mx\/wp-content\/uploads\/2019\/03\/regidores3.jpg\" class=\"attachment-large size-large\" alt=\"\" srcset=\"http:\/\/elobservatorio.com.mx\/wp-content\/uploads\/2019\/03\/regidores3.jpg 900w, http:\/\/elobservatorio.com.mx\/wp-content\/uploads\/2019\/03\/regidores3-300x225.jpg 300w, http:\/\/elobservatorio.com.mx\/wp-content\/uploads\/2019\/03\/regidores3-768x576.jpg 768w\" sizes=\"(max-width: 640px) 100vw, 640px\" \/><\/a>\n\t\t\t<\/div><\/figure><figure class='gallery-item'>\n\t\t\t<div class='gallery-icon landscape'>\n\t\t\t\t<a href='http:\/\/elobservatorio.com.mx\/?attachment_id=3138'><img loading=\"lazy\" decoding=\"async\" width=\"640\" height=\"480\" src=\"http:\/\/elobservatorio.com.mx\/wp-content\/uploads\/2019\/03\/regidores2.jpg\" class=\"attachment-large size-large\" alt=\"\" srcset=\"http:\/\/elobservatorio.com.mx\/wp-content\/uploads\/2019\/03\/regidores2.jpg 900w, http:\/\/elobservatorio.com.mx\/wp-content\/uploads\/2019\/03\/regidores2-300x225.jpg 300w, http:\/\/elobservatorio.com.mx\/wp-content\/uploads\/2019\/03\/regidores2-768x576.jpg 768w\" sizes=\"(max-width: 640px) 100vw, 640px\" \/><\/a>\n\t\t\t<\/div><\/figure>\n\t\t<\/div>\n\n<\/div>\n<\/div>\n","protected":false},"excerpt":{"rendered":"<p>Tecom\u00e1n, Colima, M\u00e9xico.- Regidores de las diferentes fracciones en el cabildo tecomense, llevaron a cabo un volanteo en la planta baja de la Presidencia Municipal, para que aprovechen los descuentos que se otorgan del 100 por ciento de multas y recargos en predial y Agua Potable, durante todo el mes de marzo. El Regidor, Serapio&#8230;<\/p>\n","protected":false},"author":2,"featured_media":3136,"comment_status":"open","ping_status":"open","sticky":false,"template":"","format":"standard","meta":{"footnotes":""},"categories":[8,34],"tags":[29,30,28],"class_list":["post-3135","post","type-post","status-publish","format-standard","has-post-thumbnail","hentry","category-municipios","category-tecoman","tag-grid","tag-news","tag-slider"],"_links":{"self":[{"href":"http:\/\/elobservatorio.com.mx\/index.php?rest_route=\/wp\/v2\/posts\/3135"}],"collection":[{"href":"http:\/\/elobservatorio.com.mx\/index.php?rest_route=\/wp\/v2\/posts"}],"about":[{"href":"http:\/\/elobservatorio.com.mx\/index.php?rest_route=\/wp\/v2\/types\/post"}],"author":[{"embeddable":true,"href":"http:\/\/elobservatorio.com.mx\/index.php?rest_route=\/wp\/v2\/users\/2"}],"replies":[{"embeddable":true,"href":"http:\/\/elobservatorio.com.mx\/index.php?rest_route=%2Fwp%2Fv2%2Fcomments&post=3135"}],"version-history":[{"count":0,"href":"http:\/\/elobservatorio.com.mx\/index.php?rest_route=\/wp\/v2\/posts\/3135\/revisions"}],"wp:featuredmedia":[{"embeddable":true,"href":"http:\/\/elobservatorio.com.mx\/index.php?rest_route=\/wp\/v2\/media\/3136"}],"wp:attachment":[{"href":"http:\/\/elobservatorio.com.mx\/index.php?rest_route=%2Fwp%2Fv2%2Fmedia&parent=3135"}],"wp:term":[{"taxonomy":"category","embeddable":true,"href":"http:\/\/elobservatorio.com.mx\/index.php?rest_route=%2Fwp%2Fv2%2Fcategories&post=3135"},{"taxonomy":"post_tag","embeddable":true,"href":"http:\/\/elobservatorio.com.mx\/index.php?rest_route=%2Fwp%2Fv2%2Ftags&post=3135"}],"curies":[{"name":"wp","href":"https:\/\/api.w.org\/{rel}","templated":true}]}}