{"id":31352,"date":"2024-10-31T01:18:39","date_gmt":"2024-10-31T07:18:39","guid":{"rendered":"http:\/\/elobservatorio.com.mx\/?p=31352"},"modified":"2024-10-31T01:18:39","modified_gmt":"2024-10-31T07:18:39","slug":"destaca-bachillerato-8-en-retencion-capacitacion-docente-e-incremento-escolar","status":"publish","type":"post","link":"http:\/\/elobservatorio.com.mx\/?p=31352","title":{"rendered":"Destaca Bachillerato 8 en retenci\u00f3n, capacitaci\u00f3n docente e incremento escolar"},"content":{"rendered":"<p><em>*Jornada de rendici\u00f3n de cuentas, ahora en Manzanillo.<\/em><\/p>\n<p>Como parte del ejercicio de rendici\u00f3n de cuentas 2024, el Bachillerato 8 de la Universidad de Colima en San Pedrito, Manzanillo, dio a conocer su informe de labores en voz de su directora, Alejandrina del Carmen Covarrubias, en las instalaciones de su plantel. A este acto asisti\u00f3 Mart\u00edn Robes de Anda, director general de Educaci\u00f3n Media Superior, en representaci\u00f3n del rector Christian Torres Ortiz Zerme\u00f1o.<\/p>\n<p>Alejandrina Covarrubias destac\u00f3 indicadores que se han incrementado de manera favorable, como el rendimiento acad\u00e9mico, que pas\u00f3 del 72.3 por ciento en 2023 al 81.55 en este a\u00f1o, as\u00ed como la retenci\u00f3n por cohorte, que fue del 87.16 al 87.69, en comparaci\u00f3n con el a\u00f1o anterior.<\/p>\n<p>Habl\u00f3 tambi\u00e9n de 196 estudiantes que prestaron su servicio social en empresas e instituciones como la Secretar\u00eda de Marina, la Secretar\u00eda de Educaci\u00f3n P\u00fablica, Comisi\u00f3n Federal de Electricidad, el Servicio de Administraci\u00f3n Tributaria y la Administraci\u00f3n del Sistema Portuario Nacional de Manzanillo.<\/p>\n<p>Un logro m\u00e1s fue la capacitaci\u00f3n docente y del personal en temas como estrategias de comunicaci\u00f3n, liderazgo y trabajo en equipo, evaluaci\u00f3n de competencias y en temas de la Nueva Escuela Mexicana.<\/p>\n<p>Resalt\u00f3 los talleres ofrecidos por la Facultad de Ingenier\u00eda Electromec\u00e1nica con el prop\u00f3sito de que estudiantes mujeres conocieran y practicaran oficios STEM o de \u00e1reas que se sol\u00edan atribuir s\u00f3lo a hombres. Tambi\u00e9n destac\u00f3 el v\u00ednculo con la Facultad de Letras y Comunicaci\u00f3n, al ser el Bachillerato 8 una de las sedes de la Feria de la Diversidad Ling\u00fc\u00edstica para celebrar el D\u00eda Internacional de la Lengua Materna.<\/p>\n<p>Asimismo, llam\u00f3 la atenci\u00f3n sobre el talento estudiantil en diversas \u00e1reas, como es el caso de Naomi Alejandra Cruz Toledo, campeona en la categor\u00eda de Voleibol de Playa, quien represent\u00f3 a M\u00e9xico en el Campeonato Mundial de Voleibol de Playa Sub 19 en Shangluo, China; Bryan Gavi\u00f1o, quien se ha destacado con m\u00faltiples medallas en la disciplina de Jiu Jitsu; Orlando Aguilar Palomares, destacado en lanzamiento de bala en los juegos de la Comisi\u00f3n Nacional de Cultura F\u00edsica y Deporte 2024, as\u00ed como el equipo varonil de f\u00fatbol, que fueron campeones en la liga universitaria de Futbol Soccer \u201cPor la Inclusi\u00f3n y la Paz\u201d, en Manzanillo.<\/p>\n<p>En el aspecto acad\u00e9mico, resalt\u00f3 el desempe\u00f1o de Mateo Rodr\u00edguez Robles, tercer lugar en Matem\u00e1ticas IV y F\u00edsica II en los Concursos de Conocimientos del Nivel Medio Superior 2024, y de \u00c1ngel Panduro Toscano, acreedor a la medalla de oro en la novena olimpiada regional de occidente de Matem\u00e1ticas 2024.<\/p>\n<p>Alejandrina Covarrubias expres\u00f3 su gratitud al personal administrativo, docente, secretarial y de servicios generales que forma parte de su equipo de trabajo por brindar su acompa\u00f1amiento en cada actividad realizada.<\/p>\n<p>Mart\u00edn Robes de Anda, director general de Educaci\u00f3n Media Superior, felicit\u00f3 el trabajo del Bachillerato 8, as\u00ed como a la directora y a su equipo de trabajo, y habl\u00f3 del compromiso de la UdeC con sus estudiantes, a quienes se busca ofrecerles las mejores herramientas para que logren su formaci\u00f3n.<\/p>\n","protected":false},"excerpt":{"rendered":"<p>*Jornada de rendici\u00f3n de cuentas, ahora en Manzanillo. Como parte del ejercicio de rendici\u00f3n de cuentas 2024, el Bachillerato 8 de la Universidad de Colima en San Pedrito, Manzanillo, dio a conocer su informe de labores en voz de su directora, Alejandrina del Carmen Covarrubias, en las instalaciones de su plantel. A este acto asisti\u00f3&#8230;<\/p>\n","protected":false},"author":2,"featured_media":31353,"comment_status":"closed","ping_status":"open","sticky":false,"template":"","format":"standard","meta":{"footnotes":""},"categories":[14],"tags":[29,30,28],"class_list":["post-31352","post","type-post","status-publish","format-standard","has-post-thumbnail","hentry","category-educacion-y-cultura","tag-grid","tag-news","tag-slider"],"_links":{"self":[{"href":"http:\/\/elobservatorio.com.mx\/index.php?rest_route=\/wp\/v2\/posts\/31352"}],"collection":[{"href":"http:\/\/elobservatorio.com.mx\/index.php?rest_route=\/wp\/v2\/posts"}],"about":[{"href":"http:\/\/elobservatorio.com.mx\/index.php?rest_route=\/wp\/v2\/types\/post"}],"author":[{"embeddable":true,"href":"http:\/\/elobservatorio.com.mx\/index.php?rest_route=\/wp\/v2\/users\/2"}],"replies":[{"embeddable":true,"href":"http:\/\/elobservatorio.com.mx\/index.php?rest_route=%2Fwp%2Fv2%2Fcomments&post=31352"}],"version-history":[{"count":1,"href":"http:\/\/elobservatorio.com.mx\/index.php?rest_route=\/wp\/v2\/posts\/31352\/revisions"}],"predecessor-version":[{"id":31354,"href":"http:\/\/elobservatorio.com.mx\/index.php?rest_route=\/wp\/v2\/posts\/31352\/revisions\/31354"}],"wp:featuredmedia":[{"embeddable":true,"href":"http:\/\/elobservatorio.com.mx\/index.php?rest_route=\/wp\/v2\/media\/31353"}],"wp:attachment":[{"href":"http:\/\/elobservatorio.com.mx\/index.php?rest_route=%2Fwp%2Fv2%2Fmedia&parent=31352"}],"wp:term":[{"taxonomy":"category","embeddable":true,"href":"http:\/\/elobservatorio.com.mx\/index.php?rest_route=%2Fwp%2Fv2%2Fcategories&post=31352"},{"taxonomy":"post_tag","embeddable":true,"href":"http:\/\/elobservatorio.com.mx\/index.php?rest_route=%2Fwp%2Fv2%2Ftags&post=31352"}],"curies":[{"name":"wp","href":"https:\/\/api.w.org\/{rel}","templated":true}]}}