{"id":31355,"date":"2024-10-31T01:32:21","date_gmt":"2024-10-31T07:32:21","guid":{"rendered":"http:\/\/elobservatorio.com.mx\/?p=31355"},"modified":"2024-10-31T01:32:21","modified_gmt":"2024-10-31T07:32:21","slug":"presidira-lizette-moreno-la-comision-de-hacienda-en-el-congreso-del-estado","status":"publish","type":"post","link":"http:\/\/elobservatorio.com.mx\/?p=31355","title":{"rendered":"Presidir\u00e1 Lizette Moreno la Comisi\u00f3n de Hacienda en el Congreso del Estado"},"content":{"rendered":"<ul>\n<li><em>Instalan Comisi\u00f3n de Hacienda, Fiscalizaci\u00f3n y Cuenta P\u00fablica de la LXI Legislatura local<\/em><\/li>\n<\/ul>\n<p>Este d\u00eda qued\u00f3 formalmente instalada la Comisi\u00f3n de Hacienda, Fiscalizaci\u00f3n y Cuenta P\u00fablica de la LXI Legislatura local, integrada por la diputada Hilda Lizette Moreno Ceballos, como presidenta, Dulce Asucena Huerta Araiza y Betzaida Luz Alondra Pinz\u00f3n Carreto, como secretarias, mientras que los legisladores \u00c1lvaro Lozano Gonz\u00e1lez y Arnoldo Ochoa Gonz\u00e1lez, como vocales.<\/p>\n<p>La diputada Hilda Lizette Moreno, dijo estar convencida de que todos los integrantes de la Comisi\u00f3n realizar\u00e1n de manera adecuada y eficazmente los trabajos que sean responsabilidad de este \u00f3rgano parlamentario; tambi\u00e9n, mencion\u00f3 que buscar\u00e1 tener una estrecha relaci\u00f3n con las distintas autoridades fiscales del Estado y municipios de la entidad, en el \u00e1nimo de trabajar en el fortalecimiento de sus haciendas p\u00fablicas.<\/p>\n<p>Durante esta primera reuni\u00f3n, se dio lectura a la iniciativa con proyecto de decreto enviada por la titular del Poder Ejecutivo Estatal referente al otorgamiento diversos est\u00edmulos fiscales a favor de los contribuyentes del Estado de Colima, el cual fue aprobado y enviado para su posterior discusi\u00f3n y aprobaci\u00f3n del pleno en la pr\u00f3xima sesi\u00f3n.<\/p>\n<p>Asimismo, los cinco integrantes de la Comisi\u00f3n de Hacienda, aprobaron su plan anual de trabajo, correspondiente al primer a\u00f1o de ejercicio constitucional.<\/p>\n<p>Env\u00edan Comisiones Conjuntas al pleno del Congreso propuesta para descuentos fiscales<\/p>\n<p>Posteriormente, en sesi\u00f3n de trabajo conjunta, las Comisiones de Hacienda, Fiscalizaci\u00f3n y Cuenta P\u00fablica, y de Desarrollo Municipal del H. Congreso del Estado de Colima, aprobaron enviar al pleno del Legislativo Local para su lectura, discusi\u00f3n y aprobaci\u00f3n, la propuesta para otorgar diversos est\u00edmulos fiscales a los contribuyentes de los municipios de Ixtlahuac\u00e1n, Villa de \u00c1lvarez y Tecom\u00e1n, los cuales se discutir\u00e1n en la pr\u00f3xima sesi\u00f3n ordinaria.<\/p>\n<p>El documento que se turnar\u00e1 al pleno fue signado por las diputadas y diputados Hilda Lizette Moreno Ceballos, Dulce Asucena Huerta Araiza, Betzaida Luz Alondra Pinz\u00f3n Carreto, \u00c1lvaro Lozano Gonz\u00e1lez y Arnoldo Ochoa Gonz\u00e1lez, integrantes de la Comisi\u00f3n de Hacienda, Fiscalizaci\u00f3n y Cuenta P\u00fablica; as\u00ed como de los legisladores Sofia Peralta Ferro, Karen Judith Jurado Escamilla y Jes\u00fas Alberto Partida Valencia, integrantes de la Comisi\u00f3n de Desarrollo Municipal.<\/p>\n","protected":false},"excerpt":{"rendered":"<p>Instalan Comisi\u00f3n de Hacienda, Fiscalizaci\u00f3n y Cuenta P\u00fablica de la LXI Legislatura local Este d\u00eda qued\u00f3 formalmente instalada la Comisi\u00f3n de Hacienda, Fiscalizaci\u00f3n y Cuenta P\u00fablica de la LXI Legislatura local, integrada por la diputada Hilda Lizette Moreno Ceballos, como presidenta, Dulce Asucena Huerta Araiza y Betzaida Luz Alondra Pinz\u00f3n Carreto, como secretarias, mientras que&#8230;<\/p>\n","protected":false},"author":2,"featured_media":31356,"comment_status":"closed","ping_status":"open","sticky":false,"template":"","format":"standard","meta":{"footnotes":""},"categories":[1],"tags":[29,30,28],"class_list":["post-31355","post","type-post","status-publish","format-standard","has-post-thumbnail","hentry","category-espacio-legislativo","tag-grid","tag-news","tag-slider"],"_links":{"self":[{"href":"http:\/\/elobservatorio.com.mx\/index.php?rest_route=\/wp\/v2\/posts\/31355"}],"collection":[{"href":"http:\/\/elobservatorio.com.mx\/index.php?rest_route=\/wp\/v2\/posts"}],"about":[{"href":"http:\/\/elobservatorio.com.mx\/index.php?rest_route=\/wp\/v2\/types\/post"}],"author":[{"embeddable":true,"href":"http:\/\/elobservatorio.com.mx\/index.php?rest_route=\/wp\/v2\/users\/2"}],"replies":[{"embeddable":true,"href":"http:\/\/elobservatorio.com.mx\/index.php?rest_route=%2Fwp%2Fv2%2Fcomments&post=31355"}],"version-history":[{"count":1,"href":"http:\/\/elobservatorio.com.mx\/index.php?rest_route=\/wp\/v2\/posts\/31355\/revisions"}],"predecessor-version":[{"id":31357,"href":"http:\/\/elobservatorio.com.mx\/index.php?rest_route=\/wp\/v2\/posts\/31355\/revisions\/31357"}],"wp:featuredmedia":[{"embeddable":true,"href":"http:\/\/elobservatorio.com.mx\/index.php?rest_route=\/wp\/v2\/media\/31356"}],"wp:attachment":[{"href":"http:\/\/elobservatorio.com.mx\/index.php?rest_route=%2Fwp%2Fv2%2Fmedia&parent=31355"}],"wp:term":[{"taxonomy":"category","embeddable":true,"href":"http:\/\/elobservatorio.com.mx\/index.php?rest_route=%2Fwp%2Fv2%2Fcategories&post=31355"},{"taxonomy":"post_tag","embeddable":true,"href":"http:\/\/elobservatorio.com.mx\/index.php?rest_route=%2Fwp%2Fv2%2Ftags&post=31355"}],"curies":[{"name":"wp","href":"https:\/\/api.w.org\/{rel}","templated":true}]}}