{"id":31358,"date":"2024-11-01T03:01:59","date_gmt":"2024-11-01T09:01:59","guid":{"rendered":"http:\/\/elobservatorio.com.mx\/?p=31358"},"modified":"2024-11-01T03:01:59","modified_gmt":"2024-11-01T09:01:59","slug":"carlos-hugo-carrillo-preciado-va-por-snte-6","status":"publish","type":"post","link":"http:\/\/elobservatorio.com.mx\/?p=31358","title":{"rendered":"Carlos Hugo Carrillo Preciado va por SNTE 6"},"content":{"rendered":"<div class=\"x_elementToProof\"><b data-olk-copy-source=\"MessageBody\">Pupitre al Fondo<\/b><\/div>\n<div><em>Blanca F. G\u00f3ngora<\/em><\/div>\n<div aria-hidden=\"true\"><\/div>\n<div class=\"x_elementToProof\">En esta colaboraci\u00f3n les presento otro perfil de los contendientes por dirigir el SNTE 6 y en las pr\u00f3ximas publicaciones ir\u00e9 presentando a los 3 participantes restantes.<\/div>\n<div>Hijo del profesor Eudoro Carrillo Esp\u00edndola, quien dedic\u00f3 su vida a la lucha sindical en la Secci\u00f3n 6 del SNTE y a quien le aprendi\u00f3 el respeto por la base magisterial y el compromiso por la defensa de los\u00a0 derechos de los trabajadores de la educaci\u00f3n, el maestro Carlos Hugo Carrillo Preciado va por el liderazgo de la mencionada secci\u00f3n. Pertenece a una familia de maestros e incluso su esposa tambi\u00e9n lo es y su hija menor de 21 a\u00f1os estudia ahora una licenciatura en Educaci\u00f3n F\u00edsica (\u00e1rea de especialidad del maestro Carlos Hugo) para convertirse de igual\u00a0 manera en maestra.<\/div>\n<div><\/div>\n<div class=\"x_elementToProof\">Tiene 52 a\u00f1os de edad y 30 a\u00f1os de servicio docente, empezando a trabajar en 1994 en primarias de Tecom\u00e1n (\u201cCrist\u00f3bal Colon\u201d T.M., \u201cPaladines de la Revoluci\u00f3n\u201d T.V. y en la \u00a0\u201cFrancisco Villa\u201d T.V.). Actualmente desempe\u00f1a la funci\u00f3n de supervisor en la Supervisi\u00f3n de la zona 01 de Educaci\u00f3n F\u00edsica, en el municipio de Armer\u00eda.\u00a0 Es maestro formado en el ISENCO y tambi\u00e9n tiene una licenciatura en Educaci\u00f3n F\u00edsica y una maestr\u00eda en Ciencias en el \u00e1rea de investigaci\u00f3n educativa, esta \u00faltima por la Universidad de Colima. \u00a0Cuenta adem\u00e1s con un c\u00famulo de cursos, talleres \u00a0y acreditaciones en el \u00e1rea deportiva, tambi\u00e9n en lo referente a planes y programas de estudio as\u00ed como en tem\u00e1ticas relacionadas con la formaci\u00f3n sindical magisterial.<\/div>\n<div><\/div>\n<div>Entre su experiencia sindical se ha desempe\u00f1ado como secretario de trabajo y conflictos de niveles especiales\u00b8 colegiado de administraci\u00f3n y finanzas, secretario t\u00e9cnico A y secretario t\u00e9cnico de finanzas. Entre algunas de las experiencias exitosas que recuerda \u00a0es cuando se logr\u00f3 la basificaci\u00f3n de 20 docentes de CECATIS, los cuales ten\u00edan m\u00e1s de 10\u00a0 a\u00f1os como interinos ilimitados.<\/div>\n<div><\/div>\n<div>De igual forma exitosa fue la intervenci\u00f3n en el conflicto laboral de los CECATIS sobre acoso laboral con resultados favorables para el personal de esa instituci\u00f3n, esto mientras estuvo en la secretar\u00eda de trabajos y conflictos de niveles especiales, momento en que tambi\u00e9n se logr\u00f3 la coordinaci\u00f3n con el nivel de educaci\u00f3n especial para hacer los cambios de manera p\u00fablica. Gestionar la creaci\u00f3n del gimnasio SNTE en el edificio central, \u00a0es tambi\u00e9n una experiencia exitosa del maestro Carlos Hugo.<\/div>\n<div><\/div>\n<div>Su planilla es la blanca y est\u00e1 integrada por 38 mujeres y 33 hombres. Y est\u00e1 conformada tanto por j\u00f3venes que se incorporan por primera vez en actividades sindicales, as\u00ed como por \u00a0integrantes con experiencia en el \u00e1mbito sindical, porque en su planilla consideran que existen temas que demandan del conocimiento y la experiencia adquirida durante la participaci\u00f3n en anteriores comit\u00e9s.<\/div>\n<div><\/div>\n<div>Entre sus propuestas destacan: Presencia y atenci\u00f3n efectiva a los agremiados en cada edificio sindical, en los niveles y en las escuelas. Afirma que van a estar en cada rinc\u00f3n donde haya un maestro, un trabajador de la educaci\u00f3n que ocupe el apoyo de su sindicato. Mayor certeza laboral en niveles desprotegidos (como los Emsad y los telebachilleratos) es otra de las propuestas; as\u00ed como el fortalecimiento de los postulados y valores sindicales por medio de jornadas de capacitaci\u00f3n, mesas de trabajo, cursos de inducci\u00f3n sindical y formaci\u00f3n de cuadros.<\/div>\n<div><\/div>\n<div>A pregunta expresa sobre qu\u00e9 es lo diferente que ofrecen a la base magisterial, el maestro Carlos Hugo Carrillo dice que el saber sumar, construir y dignificar al SNTE, tanto desde la experiencia como a partir de la innovaci\u00f3n y las ideas frescas, mediante el di\u00e1logo franco y abierto, de cara a cara con los agremiados y el que su planilla propone \u00a0un sindicato fuerte, moderno y proactivo, sustentados en el logro de la unidad. Su planilla, seg\u00fan su opini\u00f3n, se distingue por \u00a0la unidad, la inclusi\u00f3n, el respeto y la b\u00fasqueda por defender los derechos laborales con equidad y justicia.<\/div>\n<div><\/div>\n<div>El maestro Carlos Hugo \u00a0dice que este proceso electoral democr\u00e1tico es in\u00e9dito para la Secci\u00f3n 6 del SNTE, lo que obliga a todos los candidatos a conducirse con \u00e9tica y responsabilidad pues son formadores de estudiantes y aparte de ense\u00f1ar, educan para la vida por lo que deben ser un ejemplo de sus propios valores como trabajadores de la educaci\u00f3n y ciudadanos \u00a0as\u00ed que deben cuidar el transitar este proceso electoral \u00a0con transparencia, legalidad, honestidad, veracidad y respeto.<\/div>\n<div><\/div>\n<div class=\"x_elementToProof\">\u00c9l es Carlos Hugo Carrillo Preciado, su planilla se llama \u201cLa unidad somos todas y todos\u201d y juntos aspiran a convertirse en el pr\u00f3ximo Comit\u00e9 Ejecutivo de la secci\u00f3n 6 del SNTE.<\/div>\n<div><\/div>\n<div class=\"x_elementToProof\"><em>www.facebook.com\/blanca.fonseca.gongora<\/em><\/div>\n","protected":false},"excerpt":{"rendered":"<p>Pupitre al Fondo Blanca F. G\u00f3ngora En esta colaboraci\u00f3n les presento otro perfil de los contendientes por dirigir el SNTE 6 y en las pr\u00f3ximas publicaciones ir\u00e9 presentando a los 3 participantes restantes. Hijo del profesor Eudoro Carrillo Esp\u00edndola, quien dedic\u00f3 su vida a la lucha sindical en la Secci\u00f3n 6 del SNTE y a&#8230;<\/p>\n","protected":false},"author":2,"featured_media":26322,"comment_status":"closed","ping_status":"open","sticky":false,"template":"","format":"standard","meta":{"footnotes":""},"categories":[11],"tags":[29,30,28],"class_list":["post-31358","post","type-post","status-publish","format-standard","has-post-thumbnail","hentry","category-opinion","tag-grid","tag-news","tag-slider"],"_links":{"self":[{"href":"http:\/\/elobservatorio.com.mx\/index.php?rest_route=\/wp\/v2\/posts\/31358"}],"collection":[{"href":"http:\/\/elobservatorio.com.mx\/index.php?rest_route=\/wp\/v2\/posts"}],"about":[{"href":"http:\/\/elobservatorio.com.mx\/index.php?rest_route=\/wp\/v2\/types\/post"}],"author":[{"embeddable":true,"href":"http:\/\/elobservatorio.com.mx\/index.php?rest_route=\/wp\/v2\/users\/2"}],"replies":[{"embeddable":true,"href":"http:\/\/elobservatorio.com.mx\/index.php?rest_route=%2Fwp%2Fv2%2Fcomments&post=31358"}],"version-history":[{"count":2,"href":"http:\/\/elobservatorio.com.mx\/index.php?rest_route=\/wp\/v2\/posts\/31358\/revisions"}],"predecessor-version":[{"id":31360,"href":"http:\/\/elobservatorio.com.mx\/index.php?rest_route=\/wp\/v2\/posts\/31358\/revisions\/31360"}],"wp:featuredmedia":[{"embeddable":true,"href":"http:\/\/elobservatorio.com.mx\/index.php?rest_route=\/wp\/v2\/media\/26322"}],"wp:attachment":[{"href":"http:\/\/elobservatorio.com.mx\/index.php?rest_route=%2Fwp%2Fv2%2Fmedia&parent=31358"}],"wp:term":[{"taxonomy":"category","embeddable":true,"href":"http:\/\/elobservatorio.com.mx\/index.php?rest_route=%2Fwp%2Fv2%2Fcategories&post=31358"},{"taxonomy":"post_tag","embeddable":true,"href":"http:\/\/elobservatorio.com.mx\/index.php?rest_route=%2Fwp%2Fv2%2Ftags&post=31358"}],"curies":[{"name":"wp","href":"https:\/\/api.w.org\/{rel}","templated":true}]}}