{"id":31369,"date":"2024-11-06T22:02:21","date_gmt":"2024-11-07T04:02:21","guid":{"rendered":"http:\/\/elobservatorio.com.mx\/?p=31369"},"modified":"2024-11-06T22:02:21","modified_gmt":"2024-11-07T04:02:21","slug":"avanza-proceso-para-incorporar-a-la-udec-nuevos-profesores-de-tiempo-completo","status":"publish","type":"post","link":"http:\/\/elobservatorio.com.mx\/?p=31369","title":{"rendered":"Avanza proceso para incorporar a la UdeC nuevos profesores de tiempo completo"},"content":{"rendered":"<p><em>*Es fundamental que quienes se vayan a incorporar a la Universidad, adem\u00e1s de estar preparados disciplinarmente, re\u00fanan las competencias para impartir c\u00e1tedra, realizar investigaci\u00f3n, adem\u00e1s del trabajo de tutor\u00edas y gesti\u00f3n, dijo Susana Preciado.<\/em><\/p>\n<p>Este mi\u00e9rcoles, la Universidad de Colima entreg\u00f3 nombramientos a las comisiones que evaluar\u00e1n los expedientes de las y los docentes que participan en la convocatoria abierta para ocupar plazas de profesor investigador de tiempo completo en esta casa de estudios.<\/p>\n<p>Susana Aurelia Preciado Jim\u00e9nez, coordinadora general de Docencia, dijo que para la UdeC, y de manera particular en la gesti\u00f3n del rector Christian Torres Ortiz Zerme\u00f1o, este evento tiene especial importancia porque se trata de una convocatoria abierta para otorgar plazas de profesor investigador de tiempo completo.<\/p>\n<p>Destac\u00f3 que es fundamental que quienes se vayan a incorporar a la Universidad como profesores de tiempo completo, adem\u00e1s de estar preparados disciplinarmente sean personas que re\u00fanan las competencias para impartir c\u00e1tedra, realizar investigaci\u00f3n y adem\u00e1s trabajar en tutor\u00edas y gesti\u00f3n.<\/p>\n<p>Susana dijo que en esta convocatoria, las y los revisores deben ir m\u00e1s all\u00e1 de la ficha curricular y la entrevista para detectar las competencias que se requieren, por lo que les pidi\u00f3 a las y los integrantes de las comisiones evaluadoras que realicen su trabajo de la mejor manera posible.<\/p>\n<p>Martha Eugenia Ch\u00e1vez Gonz\u00e1lez, directora general de Desarrollo del Personal Acad\u00e9mico, explico que la convocatoria de concurso abierto para ocupar una plaza para profesores de tiempo completo, se public\u00f3 el pasado 19 de septiembre, con el objetivo de atender varios programas educativos y cumplir con el objetivo institucional de formar recursos humanos de excelencia y alta calidad.<\/p>\n<p>\u201cComo integrantes de las comisiones evaluadoras -dijo- les corresponder\u00e1 revisar los expedientes de los aspirantes a ocupar las plazas para las \u00e1reas de Matem\u00e1ticas, Fiscal, Dise\u00f1o Gr\u00e1fico, Dise\u00f1o Industrial, Enfermer\u00eda y el \u00e1rea de Piano\u201d.<\/p>\n<p>De manera general, el proceso consiste en revisar el cumplimiento de los criterios establecidos en la convocatoria, que abarcan la valoraci\u00f3n curricular, las recomendaciones acad\u00e9micas, la evaluaci\u00f3n psicom\u00e9trica, la entrevista y la clase muestra. Adem\u00e1s, tomar\u00e1n en cuenta la formaci\u00f3n acad\u00e9mica de los aspirantes, que deber\u00e1 estar relacionada con el perfil de la plaza.<\/p>\n<p>Destac\u00f3 que por primera vez se consider\u00f3 pertinente la participaci\u00f3n, en cada una de las comisiones, de evaluadores con perfil pedag\u00f3gico, quienes junto con los especialistas de los programas destinatarios de las plazas, valorar\u00e1n aspectos relacionados con la docencia.<\/p>\n<p>En su intervenci\u00f3n, Priscilia Juliana \u00c1lvarez Guti\u00e9rrez, directora general de Recursos Humanos, dijo que el tema de los nombramientos de tiempo completo en la gesti\u00f3n del rector Christian Torres Ortiz Zerme\u00f1o ha sido muy importante, y que \u00e9sta es la cuarta convocatoria que se lanza para seguir fortaleciendo el \u00e1rea acad\u00e9mica.<\/p>\n<p>Agradeci\u00f3 la disposici\u00f3n de quienes integran estas comisiones. \u201cSe les reconoce la experiencia y el talento que muestran mediante un trabajo colegiado que permite fortalecer y tomar buenas decisiones. Saben analizar las habilidades necesarias para cumplir un perfil de tiempo completo en la parte acad\u00e9mica, formativa, y tienen adem\u00e1s el gusto por trasmitir el conocimiento\u201d.<\/p>\n<p>&nbsp;<\/p>\n<p>&nbsp;<\/p>\n","protected":false},"excerpt":{"rendered":"<p>*Es fundamental que quienes se vayan a incorporar a la Universidad, adem\u00e1s de estar preparados disciplinarmente, re\u00fanan las competencias para impartir c\u00e1tedra, realizar investigaci\u00f3n, adem\u00e1s del trabajo de tutor\u00edas y gesti\u00f3n, dijo Susana Preciado. Este mi\u00e9rcoles, la Universidad de Colima entreg\u00f3 nombramientos a las comisiones que evaluar\u00e1n los expedientes de las y los docentes que&#8230;<\/p>\n","protected":false},"author":2,"featured_media":31370,"comment_status":"closed","ping_status":"open","sticky":false,"template":"","format":"standard","meta":{"footnotes":""},"categories":[14],"tags":[29,30,28],"class_list":["post-31369","post","type-post","status-publish","format-standard","has-post-thumbnail","hentry","category-educacion-y-cultura","tag-grid","tag-news","tag-slider"],"_links":{"self":[{"href":"http:\/\/elobservatorio.com.mx\/index.php?rest_route=\/wp\/v2\/posts\/31369"}],"collection":[{"href":"http:\/\/elobservatorio.com.mx\/index.php?rest_route=\/wp\/v2\/posts"}],"about":[{"href":"http:\/\/elobservatorio.com.mx\/index.php?rest_route=\/wp\/v2\/types\/post"}],"author":[{"embeddable":true,"href":"http:\/\/elobservatorio.com.mx\/index.php?rest_route=\/wp\/v2\/users\/2"}],"replies":[{"embeddable":true,"href":"http:\/\/elobservatorio.com.mx\/index.php?rest_route=%2Fwp%2Fv2%2Fcomments&post=31369"}],"version-history":[{"count":1,"href":"http:\/\/elobservatorio.com.mx\/index.php?rest_route=\/wp\/v2\/posts\/31369\/revisions"}],"predecessor-version":[{"id":31371,"href":"http:\/\/elobservatorio.com.mx\/index.php?rest_route=\/wp\/v2\/posts\/31369\/revisions\/31371"}],"wp:featuredmedia":[{"embeddable":true,"href":"http:\/\/elobservatorio.com.mx\/index.php?rest_route=\/wp\/v2\/media\/31370"}],"wp:attachment":[{"href":"http:\/\/elobservatorio.com.mx\/index.php?rest_route=%2Fwp%2Fv2%2Fmedia&parent=31369"}],"wp:term":[{"taxonomy":"category","embeddable":true,"href":"http:\/\/elobservatorio.com.mx\/index.php?rest_route=%2Fwp%2Fv2%2Fcategories&post=31369"},{"taxonomy":"post_tag","embeddable":true,"href":"http:\/\/elobservatorio.com.mx\/index.php?rest_route=%2Fwp%2Fv2%2Ftags&post=31369"}],"curies":[{"name":"wp","href":"https:\/\/api.w.org\/{rel}","templated":true}]}}