{"id":31390,"date":"2024-11-06T23:42:57","date_gmt":"2024-11-07T05:42:57","guid":{"rendered":"http:\/\/elobservatorio.com.mx\/?p=31390"},"modified":"2024-11-06T23:42:57","modified_gmt":"2024-11-07T05:42:57","slug":"tres-hombres-son-vinculados-a-proceso-por-ultrajes-a-la-autoridad-y-cohecho","status":"publish","type":"post","link":"http:\/\/elobservatorio.com.mx\/?p=31390","title":{"rendered":"Tres hombres son vinculados a proceso por ultrajes a la autoridad y cohecho"},"content":{"rendered":"<p><em>*Presuntamente agredieron de manera verbal a los elementos policiacos y uno de ellos intent\u00f3 sobornar con dinero para impedir que realizaran sus funciones<\/em><\/p>\n<p>La Fiscal\u00eda General del Estado (FGE) consigui\u00f3 la vinculaci\u00f3n a proceso de Hugo \u201cN\u201d por el hecho que la ley establece como delitos de ultrajes a la autoridad y cohecho; as\u00ed como de Mart\u00edn \u201cN\u201d y Fernando \u201cN\u201d, por el primer delito referido, en acontecimientos ocurridos en el municipio de Colima.<\/p>\n<p>De acuerdo con lo establecido en la carpeta de investigaci\u00f3n, el d\u00eda 23 de octubre del presente a\u00f1o, cuando agentes investigadores se encontraban en acciones de investigaci\u00f3n y vigilancia, uno de los imputados pas\u00f3 en su unidad vehicular y les dijo palabras altisonantes por lo que al informarle que eran elementos activos, intent\u00f3 sobornarlos ofreci\u00e9ndoles dinero, raz\u00f3n que motiv\u00f3 su detenci\u00f3n; asimismo los otros dos imputados quienes viajaban en otro veh\u00edculo, al percatarse de dicha situaci\u00f3n intentaron impedir que los elementos policiacos realizaran sus funciones y dijeron de igual forma, palabras de insultos, por ello tambi\u00e9n fueron detenidos.<\/p>\n<p>Al llevar a cabo las indagatorias pertinentes por parte del ministerio p\u00fablico y al presentar los suficientes datos de prueba ante el Juez de Control, se les dict\u00f3 la vinculaci\u00f3n a proceso y se otorg\u00f3 un mes para la investigaci\u00f3n complementaria.<\/p>\n<p>La FGE exhorta a la ciudadan\u00eda a que ante cualquier acto delictivo, hagan uso de manera responsable de las l\u00edneas telef\u00f3nicas, 089 para las denuncias an\u00f3nimas y 911 para las emergencias<\/p>\n","protected":false},"excerpt":{"rendered":"<p>*Presuntamente agredieron de manera verbal a los elementos policiacos y uno de ellos intent\u00f3 sobornar con dinero para impedir que realizaran sus funciones La Fiscal\u00eda General del Estado (FGE) consigui\u00f3 la vinculaci\u00f3n a proceso de Hugo \u201cN\u201d por el hecho que la ley establece como delitos de ultrajes a la autoridad y cohecho; as\u00ed como&#8230;<\/p>\n","protected":false},"author":2,"featured_media":31391,"comment_status":"closed","ping_status":"open","sticky":false,"template":"","format":"standard","meta":{"footnotes":""},"categories":[15],"tags":[29,30,28],"class_list":["post-31390","post","type-post","status-publish","format-standard","has-post-thumbnail","hentry","category-seguridad-y-justicia","tag-grid","tag-news","tag-slider"],"_links":{"self":[{"href":"http:\/\/elobservatorio.com.mx\/index.php?rest_route=\/wp\/v2\/posts\/31390"}],"collection":[{"href":"http:\/\/elobservatorio.com.mx\/index.php?rest_route=\/wp\/v2\/posts"}],"about":[{"href":"http:\/\/elobservatorio.com.mx\/index.php?rest_route=\/wp\/v2\/types\/post"}],"author":[{"embeddable":true,"href":"http:\/\/elobservatorio.com.mx\/index.php?rest_route=\/wp\/v2\/users\/2"}],"replies":[{"embeddable":true,"href":"http:\/\/elobservatorio.com.mx\/index.php?rest_route=%2Fwp%2Fv2%2Fcomments&post=31390"}],"version-history":[{"count":1,"href":"http:\/\/elobservatorio.com.mx\/index.php?rest_route=\/wp\/v2\/posts\/31390\/revisions"}],"predecessor-version":[{"id":31392,"href":"http:\/\/elobservatorio.com.mx\/index.php?rest_route=\/wp\/v2\/posts\/31390\/revisions\/31392"}],"wp:featuredmedia":[{"embeddable":true,"href":"http:\/\/elobservatorio.com.mx\/index.php?rest_route=\/wp\/v2\/media\/31391"}],"wp:attachment":[{"href":"http:\/\/elobservatorio.com.mx\/index.php?rest_route=%2Fwp%2Fv2%2Fmedia&parent=31390"}],"wp:term":[{"taxonomy":"category","embeddable":true,"href":"http:\/\/elobservatorio.com.mx\/index.php?rest_route=%2Fwp%2Fv2%2Fcategories&post=31390"},{"taxonomy":"post_tag","embeddable":true,"href":"http:\/\/elobservatorio.com.mx\/index.php?rest_route=%2Fwp%2Fv2%2Ftags&post=31390"}],"curies":[{"name":"wp","href":"https:\/\/api.w.org\/{rel}","templated":true}]}}