{"id":3141,"date":"2019-03-15T19:54:28","date_gmt":"2019-03-15T19:54:28","guid":{"rendered":"http:\/\/elobservatorio.com.mx\/a-solicitud-de-los-locatarios-del-mercado-cuauhtemoc-se-reforzara-seguridad-de-la-zona-centro"},"modified":"2019-03-15T19:54:28","modified_gmt":"2019-03-15T19:54:28","slug":"a-solicitud-de-los-locatarios-del-mercado-cuauhtemoc-se-reforzara-seguridad-de-la-zona-centro","status":"publish","type":"post","link":"http:\/\/elobservatorio.com.mx\/?p=3141","title":{"rendered":"A solicitud de los locatarios del Mercado Cuauht\u00e9moc se reforzar\u00e1 seguridad de la zona centro"},"content":{"rendered":"<p>En reuni\u00f3n con comerciantes y locatarios del centro de Tecom\u00e1n, el Director General de Seguridad P\u00fablica y Polic\u00eda Vial de Tecom\u00e1n Leon\u00e9l Ram\u00edrez Medrano, se comprometi\u00f3 a incrementar la vigilancia alrededor del Mercado Cuauht\u00e9moc.<\/p>\n<p>Lo anterior debido al planteamiento que los comerciantes hicieran al Secretario del H. Ayuntamiento Humberto Uribe Godinez en el sentido de que a partir de las 3:00 de la tarde se queda muy sola esa \u00e1rea, lo que ha ocasionado que ingresen personas a drogarse y despu\u00e9s de las 7:00 que se cierra el mercado, se queda un velador al cual ya han intentado robar en varias ocasiones \u201cel compromiso que se hizo fue asignar elementos a pie tierra que se queden en esa \u00e1rea del mercado despu\u00e9s de las 3 o 4 de la tarde y ya nos entrevistamos con el velador, intercambiamos tel\u00e9fonos y vamos a estar coordinados para cualquier apoyo que requieran\u201d.<\/p>\n<p>Independientemente, dijo el titular de la DGSPyPV que se va a estar reforzando el patrullaje tanto en veh\u00edculos como a pie tierra y dentro del propio mercado; pues han recibido la instrucci\u00f3n del Presidente Municipal El\u00edas Antonio Lozano Ochoa de reforzar la seguridad en toda esa \u00e1rea del centro de la ciudad.<\/p>\n","protected":false},"excerpt":{"rendered":"<p>En reuni\u00f3n con comerciantes y locatarios del centro de Tecom\u00e1n, el Director General de Seguridad P\u00fablica y Polic\u00eda Vial de Tecom\u00e1n Leon\u00e9l Ram\u00edrez Medrano, se comprometi\u00f3 a incrementar la vigilancia alrededor del Mercado Cuauht\u00e9moc. Lo anterior debido al planteamiento que los comerciantes hicieran al Secretario del H. Ayuntamiento Humberto Uribe Godinez en el sentido de&#8230;<\/p>\n","protected":false},"author":2,"featured_media":3142,"comment_status":"open","ping_status":"open","sticky":false,"template":"","format":"standard","meta":{"footnotes":""},"categories":[8,34],"tags":[29,30,28],"class_list":["post-3141","post","type-post","status-publish","format-standard","has-post-thumbnail","hentry","category-municipios","category-tecoman","tag-grid","tag-news","tag-slider"],"_links":{"self":[{"href":"http:\/\/elobservatorio.com.mx\/index.php?rest_route=\/wp\/v2\/posts\/3141"}],"collection":[{"href":"http:\/\/elobservatorio.com.mx\/index.php?rest_route=\/wp\/v2\/posts"}],"about":[{"href":"http:\/\/elobservatorio.com.mx\/index.php?rest_route=\/wp\/v2\/types\/post"}],"author":[{"embeddable":true,"href":"http:\/\/elobservatorio.com.mx\/index.php?rest_route=\/wp\/v2\/users\/2"}],"replies":[{"embeddable":true,"href":"http:\/\/elobservatorio.com.mx\/index.php?rest_route=%2Fwp%2Fv2%2Fcomments&post=3141"}],"version-history":[{"count":0,"href":"http:\/\/elobservatorio.com.mx\/index.php?rest_route=\/wp\/v2\/posts\/3141\/revisions"}],"wp:featuredmedia":[{"embeddable":true,"href":"http:\/\/elobservatorio.com.mx\/index.php?rest_route=\/wp\/v2\/media\/3142"}],"wp:attachment":[{"href":"http:\/\/elobservatorio.com.mx\/index.php?rest_route=%2Fwp%2Fv2%2Fmedia&parent=3141"}],"wp:term":[{"taxonomy":"category","embeddable":true,"href":"http:\/\/elobservatorio.com.mx\/index.php?rest_route=%2Fwp%2Fv2%2Fcategories&post=3141"},{"taxonomy":"post_tag","embeddable":true,"href":"http:\/\/elobservatorio.com.mx\/index.php?rest_route=%2Fwp%2Fv2%2Ftags&post=3141"}],"curies":[{"name":"wp","href":"https:\/\/api.w.org\/{rel}","templated":true}]}}