{"id":31418,"date":"2024-11-09T13:57:36","date_gmt":"2024-11-09T19:57:36","guid":{"rendered":"https:\/\/elobservatorio.com.mx\/?p=31418"},"modified":"2024-11-09T13:57:36","modified_gmt":"2024-11-09T19:57:36","slug":"encabeza-tey-gutierrez-reactivacion-de-megabrigadas-la-villa-es-limpia","status":"publish","type":"post","link":"http:\/\/elobservatorio.com.mx\/?p=31418","title":{"rendered":"Encabeza Tey Guti\u00e9rrez reactivaci\u00f3n de megabrigadas La Villa es Limpia"},"content":{"rendered":"<p><em>*Trabajaron en camellones de avenidas Almolonia y Acoliman<\/em><\/p>\n<p>Villa de \u00c1lvarez, Col.- M\u00e1s de ocho toneladas de basura, maleza, cacharros y ramas fueron recogidas en casi dos kil\u00f3metros de longitud de las avenidas Almolonia y Acoliman, en la reactivaci\u00f3n de la megabrigada La Villa es Limpia, que encabez\u00f3 la Presidenta Tey Guti\u00e9rrez Andrade.<\/p>\n<p>En esta megabrigada, que inici\u00f3 la jornada a las 7 de la ma\u00f1ana de este s\u00e1bado, participaron m\u00e1s de 200 personas, entre efectivos del Ej\u00e9rcito Mexicano, agremiados de CANADEVI, trabajadores sindicalizados, funcionarios y funcionarias del Ayuntamiento y vecinos de las colonias aleda\u00f1as.<\/p>\n<p>La Alcaldesa indic\u00f3 que s\u00f3lo haciendo equipo, sociedad, gobierno y sector privado, es como se podr\u00e1 salir adelante y avanzar para tener una Ciudad m\u00e1s limpia, con entornos seguros y con una imagen urbana m\u00e1s agradable.<\/p>\n<p>Guti\u00e9rrez Andrade indic\u00f3 que con la participaci\u00f3n de las trabajadoras y los trabajadores sindicalizados, cada s\u00e1bado se realizar\u00e1n brigadas similares a la de ese fin de semana, para regularizar todas las \u00e1reas verdes del municipio y as\u00ed sumarse al esfuerzo que diariamente realiza el \u00e1rea de Servicios P\u00fablicos Municipales.<\/p>\n<p>Teresa Ram\u00edrez Guzm\u00e1n, Secretaria General del Sindicato de Trabajadores al Servicio del Ayuntamiento de Villa de \u00c1lvarez, agradeci\u00f3 la disposici\u00f3n de la plantilla laboral que ella lidera, en esos trabajos convocados por la administraci\u00f3n municipal.<\/p>\n<p>Record\u00f3 que los \u00faltimos 25 a\u00f1os, el Sindicato que ella encabeza ha realizado el servicio social comunitario y ahora que ella encabeza en el Cabildo Villalvarense la Comisi\u00f3n de Servicios P\u00fablicos, el compromiso es mayor con la sociedad, de dejarles entornos limpios y seguros.<\/p>\n","protected":false},"excerpt":{"rendered":"<p>*Trabajaron en camellones de avenidas Almolonia y Acoliman Villa de \u00c1lvarez, Col.- M\u00e1s de ocho toneladas de basura, maleza, cacharros y ramas fueron recogidas en casi dos kil\u00f3metros de longitud de las avenidas Almolonia y Acoliman, en la reactivaci\u00f3n de la megabrigada La Villa es Limpia, que encabez\u00f3 la Presidenta Tey Guti\u00e9rrez Andrade. En esta&#8230;<\/p>\n","protected":false},"author":2,"featured_media":31419,"comment_status":"closed","ping_status":"open","sticky":false,"template":"","format":"standard","meta":{"footnotes":""},"categories":[8,42],"tags":[29,30,28],"class_list":["post-31418","post","type-post","status-publish","format-standard","has-post-thumbnail","hentry","category-municipios","category-villa-de-alvarez","tag-grid","tag-news","tag-slider"],"_links":{"self":[{"href":"http:\/\/elobservatorio.com.mx\/index.php?rest_route=\/wp\/v2\/posts\/31418"}],"collection":[{"href":"http:\/\/elobservatorio.com.mx\/index.php?rest_route=\/wp\/v2\/posts"}],"about":[{"href":"http:\/\/elobservatorio.com.mx\/index.php?rest_route=\/wp\/v2\/types\/post"}],"author":[{"embeddable":true,"href":"http:\/\/elobservatorio.com.mx\/index.php?rest_route=\/wp\/v2\/users\/2"}],"replies":[{"embeddable":true,"href":"http:\/\/elobservatorio.com.mx\/index.php?rest_route=%2Fwp%2Fv2%2Fcomments&post=31418"}],"version-history":[{"count":1,"href":"http:\/\/elobservatorio.com.mx\/index.php?rest_route=\/wp\/v2\/posts\/31418\/revisions"}],"predecessor-version":[{"id":31420,"href":"http:\/\/elobservatorio.com.mx\/index.php?rest_route=\/wp\/v2\/posts\/31418\/revisions\/31420"}],"wp:featuredmedia":[{"embeddable":true,"href":"http:\/\/elobservatorio.com.mx\/index.php?rest_route=\/wp\/v2\/media\/31419"}],"wp:attachment":[{"href":"http:\/\/elobservatorio.com.mx\/index.php?rest_route=%2Fwp%2Fv2%2Fmedia&parent=31418"}],"wp:term":[{"taxonomy":"category","embeddable":true,"href":"http:\/\/elobservatorio.com.mx\/index.php?rest_route=%2Fwp%2Fv2%2Fcategories&post=31418"},{"taxonomy":"post_tag","embeddable":true,"href":"http:\/\/elobservatorio.com.mx\/index.php?rest_route=%2Fwp%2Fv2%2Ftags&post=31418"}],"curies":[{"name":"wp","href":"https:\/\/api.w.org\/{rel}","templated":true}]}}