{"id":31452,"date":"2024-11-13T22:37:06","date_gmt":"2024-11-14T04:37:06","guid":{"rendered":"https:\/\/elobservatorio.com.mx\/?p=31452"},"modified":"2024-11-13T22:37:06","modified_gmt":"2024-11-14T04:37:06","slug":"presenta-rector-udec-primer-informe-de-labores-en-la-asamblea-regional-de-la-oui","status":"publish","type":"post","link":"http:\/\/elobservatorio.com.mx\/?p=31452","title":{"rendered":"Presenta rector UdeC primer informe de labores en la Asamblea Regional de la OUI"},"content":{"rendered":"<p>*En el evento estuvieron el Dr. David Julien, secretario general de la OUI, consejeros regionales de las universidades Aut\u00f3noma de Chiapas, de Yucat\u00e1n y Veracruzana, as\u00ed como 48 representantes de 27 Instituciones de Educaci\u00f3n Superior de M\u00e9xico.<\/p>\n<p>El Dr. Christian Jorge Torres Ortiz Zerme\u00f1o, rector de la Universidad de Colima y vicepresidente de la Regi\u00f3n M\u00e9xico de la Organizaci\u00f3n Universitaria Interamericana (OUI), present\u00f3 su primer informe de actividades durante la Asamblea Regional de los miembros de esta organizaci\u00f3n, realizada este mi\u00e9rcoles en la Universidad Aut\u00f3noma de Chiapas.<\/p>\n<p>En el evento estuvieron el Dr. David Julien, secretario general de la OUI, consejeros regionales de las universidades Aut\u00f3noma de Chiapas, Aut\u00f3noma de Yucat\u00e1n y Veracruzana, as\u00ed como 48 representantes de 27 Instituciones de Educaci\u00f3n Superior (IES) de M\u00e9xico.<\/p>\n<p>Durante su intervenci\u00f3n, el Dr. Torres Ortiz destac\u00f3 que la Regi\u00f3n M\u00e9xico es la m\u00e1s numerosa dentro de la OUI, con un total de 61 Instituciones de Educaci\u00f3n Superior y seis miembros asociados. Asimismo, present\u00f3 los logros obtenidos en su primer a\u00f1o de gesti\u00f3n, entre ellos el Foro de Buenas Pr\u00e1cticas en Materia de Internacionalizaci\u00f3n, realizado en formato virtual.<\/p>\n<p>Dicho foro incluy\u00f3 seis webinarios en los que participaron 16 ponentes y congreg\u00f3 a 666 asistentes de 96 IES, representando a 13 pa\u00edses. Entre los temas abordados estuvieron la gesti\u00f3n de la internacionalizaci\u00f3n del curr\u00edculum, pr\u00e1cticas profesionales en el extranjero, vinculaci\u00f3n con sectores vulnerables y universidades extranjeras, programas de doble grado y la gesti\u00f3n de la metodolog\u00eda COIL (Collaborative Online International Learning \/ Aprendizaje Colaborativo Internacional en L\u00ednea).<\/p>\n<p>El rector tambi\u00e9n inform\u00f3 sobre las Jornadas de Capacitaci\u00f3n en Perspectiva de G\u00e9nero, que contaron con cinco webinarios y la asistencia de 1 mil 022 participantes de 56 IES de cuatro pa\u00edses. Aqu\u00ed, los temas tratados incluyeron buenas pr\u00e1cticas para la atenci\u00f3n a la discriminaci\u00f3n y violencia de g\u00e9nero, curr\u00edculos con perspectiva de g\u00e9nero y la creaci\u00f3n y actualizaci\u00f3n de protocolos de atenci\u00f3n a la violencia de g\u00e9nero en las IES. Adem\u00e1s, se imparti\u00f3 un curso sobre justicia y \u00e9tica feminista como componentes de la transversalizaci\u00f3n de la perspectiva de g\u00e9nero en la educaci\u00f3n superior.<\/p>\n<p>Como parte de sus actividades, el Dr. Torres Ortiz extendi\u00f3 la invitaci\u00f3n a las IES a participar en la revista G\u00e9nEros, que editan la Asociaci\u00f3n Colimense de Universitarias y la Universidad de Colima, as\u00ed como a colaborar en las iniciativas de promoci\u00f3n de los programas que la OUI ofrece.<\/p>\n<p>Adem\u00e1s, anunci\u00f3 que, en marzo de 2025, la Universidad de Colima ser\u00e1 sede de la pasant\u00eda del curso del Instituto de Gesti\u00f3n y Liderazgo, y que en el primer trimestre de 2025 se llevar\u00e1n a cabo jornadas virtuales de capacitaci\u00f3n en temas de medio ambiente.<\/p>\n<p>En el cierre de su informe, Torres Ortiz Zerme\u00f1o agradeci\u00f3 la asistencia a la Asamblea Regional y expres\u00f3 un especial reconocimiento a los consejeros regionales por su apoyo en la consecuci\u00f3n de los objetivos del plan estrat\u00e9gico de la OUI en su primer a\u00f1o de gesti\u00f3n.<\/p>\n","protected":false},"excerpt":{"rendered":"<p>*En el evento estuvieron el Dr. David Julien, secretario general de la OUI, consejeros regionales de las universidades Aut\u00f3noma de Chiapas, de Yucat\u00e1n y Veracruzana, as\u00ed como 48 representantes de 27 Instituciones de Educaci\u00f3n Superior de M\u00e9xico. El Dr. Christian Jorge Torres Ortiz Zerme\u00f1o, rector de la Universidad de Colima y vicepresidente de la Regi\u00f3n&#8230;<\/p>\n","protected":false},"author":2,"featured_media":31453,"comment_status":"closed","ping_status":"open","sticky":false,"template":"","format":"standard","meta":{"footnotes":""},"categories":[14],"tags":[29,30,28],"class_list":["post-31452","post","type-post","status-publish","format-standard","has-post-thumbnail","hentry","category-educacion-y-cultura","tag-grid","tag-news","tag-slider"],"_links":{"self":[{"href":"http:\/\/elobservatorio.com.mx\/index.php?rest_route=\/wp\/v2\/posts\/31452"}],"collection":[{"href":"http:\/\/elobservatorio.com.mx\/index.php?rest_route=\/wp\/v2\/posts"}],"about":[{"href":"http:\/\/elobservatorio.com.mx\/index.php?rest_route=\/wp\/v2\/types\/post"}],"author":[{"embeddable":true,"href":"http:\/\/elobservatorio.com.mx\/index.php?rest_route=\/wp\/v2\/users\/2"}],"replies":[{"embeddable":true,"href":"http:\/\/elobservatorio.com.mx\/index.php?rest_route=%2Fwp%2Fv2%2Fcomments&post=31452"}],"version-history":[{"count":1,"href":"http:\/\/elobservatorio.com.mx\/index.php?rest_route=\/wp\/v2\/posts\/31452\/revisions"}],"predecessor-version":[{"id":31454,"href":"http:\/\/elobservatorio.com.mx\/index.php?rest_route=\/wp\/v2\/posts\/31452\/revisions\/31454"}],"wp:featuredmedia":[{"embeddable":true,"href":"http:\/\/elobservatorio.com.mx\/index.php?rest_route=\/wp\/v2\/media\/31453"}],"wp:attachment":[{"href":"http:\/\/elobservatorio.com.mx\/index.php?rest_route=%2Fwp%2Fv2%2Fmedia&parent=31452"}],"wp:term":[{"taxonomy":"category","embeddable":true,"href":"http:\/\/elobservatorio.com.mx\/index.php?rest_route=%2Fwp%2Fv2%2Fcategories&post=31452"},{"taxonomy":"post_tag","embeddable":true,"href":"http:\/\/elobservatorio.com.mx\/index.php?rest_route=%2Fwp%2Fv2%2Ftags&post=31452"}],"curies":[{"name":"wp","href":"https:\/\/api.w.org\/{rel}","templated":true}]}}