{"id":31456,"date":"2024-11-14T00:32:59","date_gmt":"2024-11-14T06:32:59","guid":{"rendered":"http:\/\/elobservatorio.com.mx\/?p=31456"},"modified":"2024-11-14T00:33:00","modified_gmt":"2024-11-14T06:33:00","slug":"el-viejo-regimen-del-pri-lo-representa-morena-y-hoy-estan-en-el-ayuntamiento-jony-castillo","status":"publish","type":"post","link":"http:\/\/elobservatorio.com.mx\/?p=31456","title":{"rendered":"El viejo r\u00e9gimen del PRI lo representa MORENA y hoy est\u00e1n en el ayuntamiento: Jony Castillo"},"content":{"rendered":"<p><em>*Mientras en el PRI seguimos en constante capacitaci\u00f3n y visitas domiciliarias a nuestra militancia para que sigamos haciendo equipo, dice el dirigente municipal del PRI<\/em><\/p>\n<p>Tecom\u00e1n Col.- En el PRI estamos haciendo un trabajo muy responsable, dedic\u00e1ndonos a desempe\u00f1ar una encomienda que nos hizo el Comit\u00e9 Directivo Estatal que encabeza el Mtro. <strong>Enrique Rojas Orozco<\/strong>, donde el\u00a0 objetivo principal es reestructurar y fortalecer los sectores y organizaciones de nuestro partido, as\u00ed lo dio a conocer el dirigente municipal del PRI en Tecom\u00e1n, <strong>Jhonat\u00e1n Castillo T\u00e9llez.<\/strong><\/p>\n<p>Agreg\u00f3 que derivado a lo anterior, se ha tenido \u00a0que hacer un trabajo muy cercano a la gente la cual ha dado buena respuesta por parte de la militancia\u00a0 y la ciudadan\u00eda, al momento\u00a0 que llegamos a las colonias, al barrio, a las comunidades a\u00a0 visitar a nuestro liderazgos y simpatizantes nos abren las puertas de sus hogares, nos reciben con un vaso de agua, con un refresco y empezamos a dialogar sobre las diferentes necesidades de sus colonias las cuales son muchas.<\/p>\n<p>Castillo T\u00e9llez se\u00f1al\u00f3 que en la visita a las colonias, nos hemos dado cuenta como oposici\u00f3n que los gobiernos de MORENA no les cumpli\u00f3 con las expectativas que la ciudadania esperaba, no han dado los resultados\u00a0 que les prometieron cumplir,<\/p>\n<p>\u00aba qu\u00e9 me refiero con esto, que hay malos servicios p\u00fablicos, deficiencias en el tema de alumbrado p\u00fablico,\u00a0 en la recolecci\u00f3n de basura,\u00a0 pero sobre todo la queja de mucha gente es sobre la inseguridad\u00bb.<\/p>\n<p>Ante ello, dijo, estamos haciendo un an\u00e1lisis de la mano con la ciudadan\u00eda, haciendo equipo con ellos para ir con las autoridades municipales para que cumplan en la soluci\u00f3n de las\u00a0 diferentes necesidades y atiendan las demandas.<\/p>\n<p>\u00abEl PRI escucha, resuelve y atiende, hay que tomar en cuenta que lo que representa MORENA es el viejo r\u00e9gimen del PRI, t\u00fa vas a la presidencia y te vas a encontrar a puros expriistas,\u00a0 incluso muchos que han sido se\u00f1alados en otras administraciones y no tienen la aceptaci\u00f3n de la ciudadan\u00eda\u00bb.<\/p>\n<p>Nosotros (priistas) como partido estamos buscando diferentes temas, como el llevar beneficios a toda la gente, llevar diferentes capacitaciones y seguir haciendo equipo con todos los sectores y organizaciones para poder cumplir con las expectativas y ser\u00e1 gracias al\u00a0 trabajo que estamos desarrollando.<\/p>\n<p>Como ejemplo, cit\u00f3 dos importantes organizaciones cien por ciento capacitadoras del PRI como lo es el Instituto Reyes Heroles y Fundaci\u00f3n Colosio, adem\u00e1s activamente y con mucho trabajo est\u00e1 el ONMPRI, CNOP y la CNC, faltan algunos sectores por reactivar pero de los m\u00e1s importantes ya est\u00e1n activados<\/p>\n<p>Finalmente dijo que el movimiento que se ve en el PRI actualmente es por capacitaci\u00f3n para la militancia y simpatizantes, las cuales son muy\u00a0 importantes porque\u00a0 est\u00e1n ayud\u00e1ndonos a poder proyectar nuevos liderazgos que ser\u00e1n\u00a0 futuros activistas sociales,\u00a0 que estar\u00e1n al pendiente de la lucha social,\u00a0 de las demandas de la ciudadan\u00eda y sobre todo que trabajar\u00e1n\u00a0 con un fin,\u00a0 que es el poder llevar beneficios a las personas m\u00e1s vulnerables, eso estamos construyendo en el PRI<\/p>\n","protected":false},"excerpt":{"rendered":"<p>*Mientras en el PRI seguimos en constante capacitaci\u00f3n y visitas domiciliarias a nuestra militancia para que sigamos haciendo equipo, dice el dirigente municipal del PRI Tecom\u00e1n Col.- En el PRI estamos haciendo un trabajo muy responsable, dedic\u00e1ndonos a desempe\u00f1ar una encomienda que nos hizo el Comit\u00e9 Directivo Estatal que encabeza el Mtro. Enrique Rojas Orozco,&#8230;<\/p>\n","protected":false},"author":2,"featured_media":31014,"comment_status":"closed","ping_status":"open","sticky":false,"template":"","format":"standard","meta":{"footnotes":""},"categories":[10,34],"tags":[29,30,28],"class_list":["post-31456","post","type-post","status-publish","format-standard","has-post-thumbnail","hentry","category-politica","category-tecoman","tag-grid","tag-news","tag-slider"],"_links":{"self":[{"href":"http:\/\/elobservatorio.com.mx\/index.php?rest_route=\/wp\/v2\/posts\/31456"}],"collection":[{"href":"http:\/\/elobservatorio.com.mx\/index.php?rest_route=\/wp\/v2\/posts"}],"about":[{"href":"http:\/\/elobservatorio.com.mx\/index.php?rest_route=\/wp\/v2\/types\/post"}],"author":[{"embeddable":true,"href":"http:\/\/elobservatorio.com.mx\/index.php?rest_route=\/wp\/v2\/users\/2"}],"replies":[{"embeddable":true,"href":"http:\/\/elobservatorio.com.mx\/index.php?rest_route=%2Fwp%2Fv2%2Fcomments&post=31456"}],"version-history":[{"count":1,"href":"http:\/\/elobservatorio.com.mx\/index.php?rest_route=\/wp\/v2\/posts\/31456\/revisions"}],"predecessor-version":[{"id":31457,"href":"http:\/\/elobservatorio.com.mx\/index.php?rest_route=\/wp\/v2\/posts\/31456\/revisions\/31457"}],"wp:featuredmedia":[{"embeddable":true,"href":"http:\/\/elobservatorio.com.mx\/index.php?rest_route=\/wp\/v2\/media\/31014"}],"wp:attachment":[{"href":"http:\/\/elobservatorio.com.mx\/index.php?rest_route=%2Fwp%2Fv2%2Fmedia&parent=31456"}],"wp:term":[{"taxonomy":"category","embeddable":true,"href":"http:\/\/elobservatorio.com.mx\/index.php?rest_route=%2Fwp%2Fv2%2Fcategories&post=31456"},{"taxonomy":"post_tag","embeddable":true,"href":"http:\/\/elobservatorio.com.mx\/index.php?rest_route=%2Fwp%2Fv2%2Ftags&post=31456"}],"curies":[{"name":"wp","href":"https:\/\/api.w.org\/{rel}","templated":true}]}}