{"id":31482,"date":"2024-11-18T17:11:57","date_gmt":"2024-11-18T23:11:57","guid":{"rendered":"http:\/\/elobservatorio.com.mx\/?p=31482"},"modified":"2024-11-18T17:11:57","modified_gmt":"2024-11-18T23:11:57","slug":"camara-anecoica-clave-para-evaluar-emisiones-y-compatibilidad-electromagnetica","status":"publish","type":"post","link":"http:\/\/elobservatorio.com.mx\/?p=31482","title":{"rendered":"C\u00e1mara anecoica: clave para evaluar emisiones y compatibilidad electromagn\u00e9tica"},"content":{"rendered":"<p><em>*La Universidad de Colima alberga la c\u00e1mara anecoica m\u00e1s grande de Am\u00e9rica Latina, una instalaci\u00f3n clave para realizar pruebas en sectores como el automotriz, aeron\u00e1utico, espacial, telecomunicaciones y electr\u00f3nica de consumo.<\/em><\/p>\n<p>Todos los dispositivos el\u00e9ctricos y electr\u00f3nicos que usamos, desde electrodom\u00e9sticos hasta equipos m\u00e9dicos e industriales, deben ser sometidos a pruebas rigurosas en una c\u00e1mara anecoica, un espacio dise\u00f1ado para medir las emisiones y compatibilidad electromagn\u00e9tica de los aparatos. La Universidad de Colima alberga la c\u00e1mara anecoica m\u00e1s grande de Am\u00e9rica Latina, una instalaci\u00f3n clave para realizar pruebas en sectores como el automotriz, aeron\u00e1utico, espacial, telecomunicaciones y electr\u00f3nica de consumo.<\/p>\n<p>El t\u00e9rmino anecoico proviene del griego <em>a<\/em>&#8211; (sin) y <em>echo <\/em>(eco), y literalmente significa \u201csin eco\u201d o \u201csin reflejo de sonido o radiaci\u00f3n\u201d. Se utiliza principalmente en contextos cient\u00edficos y t\u00e9cnicos para describir espacios dise\u00f1ados para eliminar las reflexiones de ondas, ya sea de sonido (ac\u00fasticas) o de radiaci\u00f3n electromagn\u00e9tica.<\/p>\n<p>El profesor investigador de la Facultad de Ingenier\u00eda Mec\u00e1nica y El\u00e9ctrica (FIME) y responsable t\u00e9cnico de la c\u00e1mara, Jos\u00e9 Luis \u00c1lvarez Flores, destac\u00f3 su importancia en una entrevista. Explic\u00f3 que \u201cno todos los dispositivos el\u00e9ctricos o electr\u00f3nicos en el mercado han pasado por evaluaciones de compatibilidad electromagn\u00e9tica, especialmente aquellos que se importan sin cumplir con normativas estrictas en las aduanas\u201d.<\/p>\n<p>\u00c1lvarez ejemplific\u00f3 los riesgos al mencionar un marcapasos. \u201cSi recibe una radiaci\u00f3n inadecuada de otro dispositivo cercano, podr\u00eda causar problemas graves a una persona. De igual manera, en un avi\u00f3n, estas interferencias podr\u00edan comprometer la seguridad de todos a bordo\u201d.<\/p>\n<p>El doctor en ingenier\u00eda por la Universidad Aut\u00f3noma de Zacatecas explic\u00f3 que, dentro de la c\u00e1mara, se eval\u00faa la compatibilidad de los dispositivos electr\u00f3nicos con otros aparatos. Como ejemplo, mencion\u00f3 que un tel\u00e9fono m\u00f3vil debe ser capaz de funcionar correctamente cerca de una impresora o un reproductor de discos. Si los dispositivos no son compatibles, podr\u00edan presentar fallas operativas que, en ciertos casos, resultar\u00edan riesgosas.<\/p>\n<p>La c\u00e1mara anecoica, ubicada en el Tecnoparque Industrial de Los Limones, est\u00e1 completamente blindada con metal y recubierta en su interior con pir\u00e1mides de poliuretano llamadas <em>absorbers<\/em>, que eliminan las microondas el\u00e9ctricas evitando rebotes. Esto permite simular condiciones espaciales para analizar emisiones de equipos electr\u00f3nicos de alta precisi\u00f3n, como los utilizados en las industrias satelital y geoespacial. Incluso est\u00e1 dise\u00f1ada para alojar un autom\u00f3vil completo y funcional durante las pruebas.<\/p>\n<p>Durante la entrevista, los estudiantes del quinto semestre de la Ingenier\u00eda en Sistemas Electr\u00f3nicos y Telecomunicaciones, Carlos Daniel Barrera Carrillo, H\u00e9ctor Jes\u00fas Torres Barrag\u00e1n y Guillermo Emanuel Nieto Cernas ejecutaron una prueba para controlar alturas del m\u00e1stil, posici\u00f3n de la tornamesa (discos giratorios) en el suelo y pudieron medir antenas para ubicar su \u00e1ngulo de transmisi\u00f3n al emitir radiofrecuencias.<\/p>\n<p>Adem\u00e1s, Christian Carolina Gallegos Maga\u00f1a, responsable del \u00e1rea de desarrollo sostenible de la Direcci\u00f3n General de Vinculaci\u00f3n, inform\u00f3 que la c\u00e1mara ya ha sido utilizada por una empresa automotriz internacional con sede en M\u00e9xico. \u201cEstamos promoviendo estos servicios en foros internacionales para atraer m\u00e1s clientes en sectores que requieren pruebas de emisiones y certificaciones para sus productos\u201d, afirm\u00f3.<\/p>\n<p>La c\u00e1mara anecoica de la UdeC representa un recurso invaluable para la industria, al garantizar que los dispositivos electr\u00f3nicos sean compatibles, seguros y funcionales en entornos complejos. Para m\u00e1s informaci\u00f3n sobre sus servicios, se puede visitar el sitio oficial: <a href=\"https:\/\/ideas.ucol.mx\/laboratorio_anecoico\/\" target=\"_blank\" rel=\"noopener\">https:\/\/ideas.ucol.mx\/laboratorio_anecoico\/<\/a>.<\/p>\n<p>&nbsp;<\/p>\n<p>&nbsp;<\/p>\n","protected":false},"excerpt":{"rendered":"<p>*La Universidad de Colima alberga la c\u00e1mara anecoica m\u00e1s grande de Am\u00e9rica Latina, una instalaci\u00f3n clave para realizar pruebas en sectores como el automotriz, aeron\u00e1utico, espacial, telecomunicaciones y electr\u00f3nica de consumo. Todos los dispositivos el\u00e9ctricos y electr\u00f3nicos que usamos, desde electrodom\u00e9sticos hasta equipos m\u00e9dicos e industriales, deben ser sometidos a pruebas rigurosas en una c\u00e1mara&#8230;<\/p>\n","protected":false},"author":2,"featured_media":31483,"comment_status":"closed","ping_status":"open","sticky":false,"template":"","format":"standard","meta":{"footnotes":""},"categories":[14],"tags":[29,30,28],"class_list":["post-31482","post","type-post","status-publish","format-standard","has-post-thumbnail","hentry","category-educacion-y-cultura","tag-grid","tag-news","tag-slider"],"_links":{"self":[{"href":"http:\/\/elobservatorio.com.mx\/index.php?rest_route=\/wp\/v2\/posts\/31482"}],"collection":[{"href":"http:\/\/elobservatorio.com.mx\/index.php?rest_route=\/wp\/v2\/posts"}],"about":[{"href":"http:\/\/elobservatorio.com.mx\/index.php?rest_route=\/wp\/v2\/types\/post"}],"author":[{"embeddable":true,"href":"http:\/\/elobservatorio.com.mx\/index.php?rest_route=\/wp\/v2\/users\/2"}],"replies":[{"embeddable":true,"href":"http:\/\/elobservatorio.com.mx\/index.php?rest_route=%2Fwp%2Fv2%2Fcomments&post=31482"}],"version-history":[{"count":1,"href":"http:\/\/elobservatorio.com.mx\/index.php?rest_route=\/wp\/v2\/posts\/31482\/revisions"}],"predecessor-version":[{"id":31484,"href":"http:\/\/elobservatorio.com.mx\/index.php?rest_route=\/wp\/v2\/posts\/31482\/revisions\/31484"}],"wp:featuredmedia":[{"embeddable":true,"href":"http:\/\/elobservatorio.com.mx\/index.php?rest_route=\/wp\/v2\/media\/31483"}],"wp:attachment":[{"href":"http:\/\/elobservatorio.com.mx\/index.php?rest_route=%2Fwp%2Fv2%2Fmedia&parent=31482"}],"wp:term":[{"taxonomy":"category","embeddable":true,"href":"http:\/\/elobservatorio.com.mx\/index.php?rest_route=%2Fwp%2Fv2%2Fcategories&post=31482"},{"taxonomy":"post_tag","embeddable":true,"href":"http:\/\/elobservatorio.com.mx\/index.php?rest_route=%2Fwp%2Fv2%2Ftags&post=31482"}],"curies":[{"name":"wp","href":"https:\/\/api.w.org\/{rel}","templated":true}]}}