{"id":31500,"date":"2024-11-21T16:06:50","date_gmt":"2024-11-21T22:06:50","guid":{"rendered":"http:\/\/elobservatorio.com.mx\/?p=31500"},"modified":"2024-11-21T16:06:50","modified_gmt":"2024-11-21T22:06:50","slug":"piden-declarar-patrimonio-cultural-de-la-villa-al-sombrero-de-cuatro-pedradas","status":"publish","type":"post","link":"http:\/\/elobservatorio.com.mx\/?p=31500","title":{"rendered":"Piden declarar Patrimonio Cultural de la Villa al Sombrero de Cuatro Pedradas"},"content":{"rendered":"<p><em>*De manera un\u00e1nime el Patronato de Festejos Charro Taurinos aprueba dicha propuesta presentada por Tey Guti\u00e9rrez<\/em><br \/>\n<em>*Rinden homenaje p\u00f3stumo a &#8216;Quino&#8217; Aguilar, artesano de cuarta generaci\u00f3n del Sombrero Colimote<\/em><\/p>\n<p>Villa de \u00c1lvarez, Col.- En votaci\u00f3n un\u00e1nime y a solicitud de la Presidenta Tey Guti\u00e9rrez Andrade, el Patronato de los Festejos Charro Taurinos de Villa de \u00c1lvarez aprob\u00f3 pedir al Cabildo villalvarense, declare al Sombrero Colimote de Cuatro Pedradas como Patrimonio Cultural del Municipio de Villa de \u00c1lvarez, al cumplirse el a\u00f1o pr\u00f3ximo 100 a\u00f1os de su creaci\u00f3n.<\/p>\n<p>En su propuesta, la Presidenta Municipal record\u00f3 que el 14 de abril de 1925, Maximiliano Aguilar Cort\u00e9s fabric\u00f3 el primer sombrero de palma real; Don Crescenciano Aguilar Aceves form\u00f3 parte de la segunda generaci\u00f3n de maestros sombrereros, y recientemente la tradici\u00f3n de la familia Aguilar contin\u00faa, con Juan Jos\u00e9 Aguilar Ram\u00edrez.<\/p>\n<p>\u201cEn este sentido y en el marco del 100 aniversario del sombrero, propongo a este patronato categorizarlo como Patrimonio Cultural del Municipio de Villa de \u00c1lvarez, que enviemos la solicitud al Cabildo Villavarense para que, en sesi\u00f3n solemne, se le asigne esa denominaci\u00f3n\u201d, indic\u00f3 la Alcaldesa.<\/p>\n<p>Ante ello, el Patronato de los Festejos Charro Taurinos de Villa de \u00c1lvarez pedir\u00e1 al Cabildo de Villa de \u00c1lvarez solicite a la titular del Poder Ejecutivo que, con fundamento a lo estipulado por la Ley de Protecci\u00f3n y Conservaci\u00f3n del Patrimonio Cultural del Estado de Colima y sus Municipios, realicen los tr\u00e1mites correspondientes para declarar al Sombrero Colimote Cuatro Pedradas como Patrimonio Cultural de Origen Villalvarense del Estado de Colima.<\/p>\n<p>Tambi\u00e9n se acord\u00f3 solicitar al Cabildo hacer los tr\u00e1mites al Poder Legislativo para que toda la documentaci\u00f3n, correspondencia y papeler\u00eda oficial que expidan las dependencias centrales y organismos descentralizados de los gobiernos estatal y municipales, contengan al calce la leyenda: \u201c2025, 100 a\u00f1os del Sombrero Colimote de Cuatro Pedradas\u201d, y que un d\u00eda del mes de abril sea considerado D\u00eda Estatal del Sombrero Colimote de Cuatro Pedradas.<\/p>\n<p>HOMENAJE P\u00d3STUMO<\/p>\n<p>El Patronato de Festejos Charro Taurinos rindi\u00f3 un homenaje p\u00f3stumo a Juan Farid Aguilar Jim\u00e9nez (Quino Aguilar), fallecido el lunes 18 de noviembre a los 38 a\u00f1os de edad, hijo de Don Juan Jos\u00e9 Aguilar Ram\u00edrez y de Socorro Jim\u00e9nez Gonz\u00e1lez.<\/p>\n<p>A Quino Aguilar, apasionado de la cultura y orgulloso artesano de cuarta generaci\u00f3n del Sombrero Colimote de Cuatro Pedradas, se le entreg\u00f3 un reconocimiento p\u00f3stumo, que recibi\u00f3 su padre, Juan Jos\u00e9 Aguilar Ram\u00edrez<\/p>\n","protected":false},"excerpt":{"rendered":"<p>*De manera un\u00e1nime el Patronato de Festejos Charro Taurinos aprueba dicha propuesta presentada por Tey Guti\u00e9rrez *Rinden homenaje p\u00f3stumo a &#8216;Quino&#8217; Aguilar, artesano de cuarta generaci\u00f3n del Sombrero Colimote Villa de \u00c1lvarez, Col.- En votaci\u00f3n un\u00e1nime y a solicitud de la Presidenta Tey Guti\u00e9rrez Andrade, el Patronato de los Festejos Charro Taurinos de Villa de&#8230;<\/p>\n","protected":false},"author":2,"featured_media":31501,"comment_status":"closed","ping_status":"open","sticky":false,"template":"","format":"standard","meta":{"footnotes":""},"categories":[8,42],"tags":[29,30,28],"class_list":["post-31500","post","type-post","status-publish","format-standard","has-post-thumbnail","hentry","category-municipios","category-villa-de-alvarez","tag-grid","tag-news","tag-slider"],"_links":{"self":[{"href":"http:\/\/elobservatorio.com.mx\/index.php?rest_route=\/wp\/v2\/posts\/31500"}],"collection":[{"href":"http:\/\/elobservatorio.com.mx\/index.php?rest_route=\/wp\/v2\/posts"}],"about":[{"href":"http:\/\/elobservatorio.com.mx\/index.php?rest_route=\/wp\/v2\/types\/post"}],"author":[{"embeddable":true,"href":"http:\/\/elobservatorio.com.mx\/index.php?rest_route=\/wp\/v2\/users\/2"}],"replies":[{"embeddable":true,"href":"http:\/\/elobservatorio.com.mx\/index.php?rest_route=%2Fwp%2Fv2%2Fcomments&post=31500"}],"version-history":[{"count":1,"href":"http:\/\/elobservatorio.com.mx\/index.php?rest_route=\/wp\/v2\/posts\/31500\/revisions"}],"predecessor-version":[{"id":31502,"href":"http:\/\/elobservatorio.com.mx\/index.php?rest_route=\/wp\/v2\/posts\/31500\/revisions\/31502"}],"wp:featuredmedia":[{"embeddable":true,"href":"http:\/\/elobservatorio.com.mx\/index.php?rest_route=\/wp\/v2\/media\/31501"}],"wp:attachment":[{"href":"http:\/\/elobservatorio.com.mx\/index.php?rest_route=%2Fwp%2Fv2%2Fmedia&parent=31500"}],"wp:term":[{"taxonomy":"category","embeddable":true,"href":"http:\/\/elobservatorio.com.mx\/index.php?rest_route=%2Fwp%2Fv2%2Fcategories&post=31500"},{"taxonomy":"post_tag","embeddable":true,"href":"http:\/\/elobservatorio.com.mx\/index.php?rest_route=%2Fwp%2Fv2%2Ftags&post=31500"}],"curies":[{"name":"wp","href":"https:\/\/api.w.org\/{rel}","templated":true}]}}