{"id":31521,"date":"2024-11-27T21:58:01","date_gmt":"2024-11-28T03:58:01","guid":{"rendered":"http:\/\/elobservatorio.com.mx\/?p=31521"},"modified":"2024-11-27T21:58:01","modified_gmt":"2024-11-28T03:58:01","slug":"comparten-su-curiosidad-cientifica-300-estudiantes-del-bachillerato-16","status":"publish","type":"post","link":"http:\/\/elobservatorio.com.mx\/?p=31521","title":{"rendered":"Comparten su curiosidad cient\u00edfica 300 estudiantes del Bachillerato 16"},"content":{"rendered":"<p><em>*Abordaron experimentos y ejercicios de las materias de: F\u00edsica I y F\u00edsica III, Qu\u00edmica, Educaci\u00f3n para la Salud, Qu\u00edmica Org\u00e1nica y T\u00e9cnica Instrumental.<\/em><\/p>\n<p>Hace unos d\u00edas, el talento y la creatividad de m\u00e1s de 300 estudiantes del \u00e1rea de Analista Qu\u00edmico se hicieron presentes en la segunda edici\u00f3n de la Feria de las Ciencias, organizada por el Bachillerato 16 de la Universidad de Colima, ubicado en el campus Villa de \u00c1lvarez.<\/p>\n<p>Las y los participantes, distribuidos en 50 equipos, presentaron proyectos en los que mostraron su curiosidad y gusto por la ciencia. Abordaron experimentos y ejercicios de las materias de: F\u00edsica I y F\u00edsica III, Qu\u00edmica, Educaci\u00f3n para la Salud, Qu\u00edmica Org\u00e1nica y T\u00e9cnica Instrumental.<\/p>\n<p>Cada proyecto reflej\u00f3 no solo la aplicaci\u00f3n pr\u00e1ctica de los conocimientos, sino tambi\u00e9n el trabajo en equipo y el entusiasmo por las ciencias.<\/p>\n<p>Adem\u00e1s de ser una plataforma para mostrar lo aprendido, el evento foment\u00f3 el trabajo colaborativo y el inter\u00e9s por las disciplinas cient\u00edficas, consolidando la importancia de la educaci\u00f3n experimental como herramienta de transformaci\u00f3n.<\/p>\n","protected":false},"excerpt":{"rendered":"<p>*Abordaron experimentos y ejercicios de las materias de: F\u00edsica I y F\u00edsica III, Qu\u00edmica, Educaci\u00f3n para la Salud, Qu\u00edmica Org\u00e1nica y T\u00e9cnica Instrumental. Hace unos d\u00edas, el talento y la creatividad de m\u00e1s de 300 estudiantes del \u00e1rea de Analista Qu\u00edmico se hicieron presentes en la segunda edici\u00f3n de la Feria de las Ciencias, organizada&#8230;<\/p>\n","protected":false},"author":2,"featured_media":31522,"comment_status":"closed","ping_status":"open","sticky":false,"template":"","format":"standard","meta":{"footnotes":""},"categories":[14],"tags":[29,30,28],"class_list":["post-31521","post","type-post","status-publish","format-standard","has-post-thumbnail","hentry","category-educacion-y-cultura","tag-grid","tag-news","tag-slider"],"_links":{"self":[{"href":"http:\/\/elobservatorio.com.mx\/index.php?rest_route=\/wp\/v2\/posts\/31521"}],"collection":[{"href":"http:\/\/elobservatorio.com.mx\/index.php?rest_route=\/wp\/v2\/posts"}],"about":[{"href":"http:\/\/elobservatorio.com.mx\/index.php?rest_route=\/wp\/v2\/types\/post"}],"author":[{"embeddable":true,"href":"http:\/\/elobservatorio.com.mx\/index.php?rest_route=\/wp\/v2\/users\/2"}],"replies":[{"embeddable":true,"href":"http:\/\/elobservatorio.com.mx\/index.php?rest_route=%2Fwp%2Fv2%2Fcomments&post=31521"}],"version-history":[{"count":1,"href":"http:\/\/elobservatorio.com.mx\/index.php?rest_route=\/wp\/v2\/posts\/31521\/revisions"}],"predecessor-version":[{"id":31523,"href":"http:\/\/elobservatorio.com.mx\/index.php?rest_route=\/wp\/v2\/posts\/31521\/revisions\/31523"}],"wp:featuredmedia":[{"embeddable":true,"href":"http:\/\/elobservatorio.com.mx\/index.php?rest_route=\/wp\/v2\/media\/31522"}],"wp:attachment":[{"href":"http:\/\/elobservatorio.com.mx\/index.php?rest_route=%2Fwp%2Fv2%2Fmedia&parent=31521"}],"wp:term":[{"taxonomy":"category","embeddable":true,"href":"http:\/\/elobservatorio.com.mx\/index.php?rest_route=%2Fwp%2Fv2%2Fcategories&post=31521"},{"taxonomy":"post_tag","embeddable":true,"href":"http:\/\/elobservatorio.com.mx\/index.php?rest_route=%2Fwp%2Fv2%2Ftags&post=31521"}],"curies":[{"name":"wp","href":"https:\/\/api.w.org\/{rel}","templated":true}]}}