{"id":3153,"date":"2019-03-15T22:48:05","date_gmt":"2019-03-15T22:48:05","guid":{"rendered":"http:\/\/elobservatorio.com.mx\/a-peticion-de-ciudadano-pondran-en-el-orden-del-dia-reduccion-de-sueldo-de-alcalde-y-regidores"},"modified":"2019-03-15T22:48:05","modified_gmt":"2019-03-15T22:48:05","slug":"a-peticion-de-ciudadano-pondran-en-el-orden-del-dia-reduccion-de-sueldo-de-alcalde-y-regidores","status":"publish","type":"post","link":"http:\/\/elobservatorio.com.mx\/?p=3153","title":{"rendered":"A petici\u00f3n de ciudadano, pondr\u00e1n en el orden del d\u00eda reducci\u00f3n de sueldo de alcalde y regidores"},"content":{"rendered":"<p>*Haciendo uso de su derecho en el art\u00edculo 8\u00b0 de la Constituci\u00f3n, el ciudadano Ismael Rodr\u00edguez\u00a0 Hern\u00e1ndez solicit\u00f3 al alcalde se someta a votaci\u00f3n la reducci\u00f3n del 50 % del sueldo al alcalde y el cabildo, adem\u00e1s con ello, cumplen uno de los compromisos que hicieron en campa\u00f1a<\/p>\n<p>Belisario Romero S\u00e1nchez<\/p>\n<p>Tecom\u00e1n Col.- A petici\u00f3n del ciudadano Ismael Rodr\u00edguez Hern\u00e1ndez, en\u00a0 la pr\u00f3xima sesi\u00f3n de cabildo aparecer\u00e1 en el orden del d\u00eda\u00a0 se informe el sueldo con pesos y centavos de lo que gana actualmente el alcalde y los miembros del cabildo, a la vez se apruebe la reducci\u00f3n del 50 % del mismo.<\/p>\n<p>Fundament\u00e1ndose en el art\u00edculo 8\u00b0 de la Constituci\u00f3n Pol\u00edtica de los Estados Unidos Mexicanos, que a su letra dice : Los funcionarios y empleados p\u00fablicos respetar\u00e1n el ejercicio del derecho de petici\u00f3n, siempre que \u00e9sta se formule por escrito, de manera pac\u00edfica y respetuosa; pero en materia pol\u00edtica s\u00f3lo podr\u00e1n hacer uso de ese derecho los ciudadanos de la Rep\u00fablica.<\/p>\n<p>En ese sentido, Ismael Rodr\u00edguez Hern\u00e1ndez hizo la solicitud formal, envi\u00e1ndola a todos los regidores, as\u00ed como al secretario del Ayuntamiento, quien firm\u00f3 de recibido y fue este d\u00eda viernes que sostuvieron una reuni\u00f3n, acordando que ser\u00e1 la pr\u00f3xima sesi\u00f3n en donde se pondr\u00e1 en el orden del d\u00eda dicha propuesta, para que sea analizada y en su caso votada o desechada.<\/p>\n<p>Aunado a dicha petici\u00f3n, Rodr\u00edguez Hern\u00e1ndez\u00a0 agreg\u00f3 que en caso de que sea aprobada, propondr\u00e1 que ese recurso que se ahorrar\u00e1\u00a0 se destine a medicamentos, compra de patrullas, dado a que son rubros en donde se tienen muchas carencias, pero tiene que haber un fondo que sea transparente, qu\u00e9 se diga cu\u00e1nto se ahorra y en qu\u00e9 se est\u00e1 aplicando, con la intenci\u00f3n de que no se disfrace la reducci\u00f3n del sueldo y que se est\u00e9 ingresando a sus bolsillos en otros conceptos.<\/p>\n<p>Finalmente coment\u00f3 que ser\u00e1 este martes cuando ser\u00e1 presentada la propuesta anterior, y en la pr\u00f3xima sesi\u00f3n estar\u00e1n presentes grabando para ver que regidor se opone a la reducci\u00f3n del sueldo y exhibirlo de que no est\u00e1 a favor del pueblo, con mayor raz\u00f3n a quienes llegaron por la coalici\u00f3n \u00abJuntos haremos historia\u00bb, que est\u00e1n obligados a cumplir con ello, porque es una de las promesas de campa\u00f1a.<\/p>\n<p>&nbsp;<\/p>\n<p>&nbsp;<\/p>\n<p>&nbsp;<\/p>\n<p>&nbsp;<\/p>\n","protected":false},"excerpt":{"rendered":"<p>*Haciendo uso de su derecho en el art\u00edculo 8\u00b0 de la Constituci\u00f3n, el ciudadano Ismael Rodr\u00edguez\u00a0 Hern\u00e1ndez solicit\u00f3 al alcalde se someta a votaci\u00f3n la reducci\u00f3n del 50 % del sueldo al alcalde y el cabildo, adem\u00e1s con ello, cumplen uno de los compromisos que hicieron en campa\u00f1a Belisario Romero S\u00e1nchez Tecom\u00e1n Col.- A petici\u00f3n&#8230;<\/p>\n","protected":false},"author":2,"featured_media":3154,"comment_status":"open","ping_status":"open","sticky":false,"template":"","format":"standard","meta":{"footnotes":""},"categories":[8,34],"tags":[29,30,28],"class_list":["post-3153","post","type-post","status-publish","format-standard","has-post-thumbnail","hentry","category-municipios","category-tecoman","tag-grid","tag-news","tag-slider"],"_links":{"self":[{"href":"http:\/\/elobservatorio.com.mx\/index.php?rest_route=\/wp\/v2\/posts\/3153"}],"collection":[{"href":"http:\/\/elobservatorio.com.mx\/index.php?rest_route=\/wp\/v2\/posts"}],"about":[{"href":"http:\/\/elobservatorio.com.mx\/index.php?rest_route=\/wp\/v2\/types\/post"}],"author":[{"embeddable":true,"href":"http:\/\/elobservatorio.com.mx\/index.php?rest_route=\/wp\/v2\/users\/2"}],"replies":[{"embeddable":true,"href":"http:\/\/elobservatorio.com.mx\/index.php?rest_route=%2Fwp%2Fv2%2Fcomments&post=3153"}],"version-history":[{"count":0,"href":"http:\/\/elobservatorio.com.mx\/index.php?rest_route=\/wp\/v2\/posts\/3153\/revisions"}],"wp:featuredmedia":[{"embeddable":true,"href":"http:\/\/elobservatorio.com.mx\/index.php?rest_route=\/wp\/v2\/media\/3154"}],"wp:attachment":[{"href":"http:\/\/elobservatorio.com.mx\/index.php?rest_route=%2Fwp%2Fv2%2Fmedia&parent=3153"}],"wp:term":[{"taxonomy":"category","embeddable":true,"href":"http:\/\/elobservatorio.com.mx\/index.php?rest_route=%2Fwp%2Fv2%2Fcategories&post=3153"},{"taxonomy":"post_tag","embeddable":true,"href":"http:\/\/elobservatorio.com.mx\/index.php?rest_route=%2Fwp%2Fv2%2Ftags&post=3153"}],"curies":[{"name":"wp","href":"https:\/\/api.w.org\/{rel}","templated":true}]}}