{"id":31533,"date":"2024-12-03T12:12:14","date_gmt":"2024-12-03T18:12:14","guid":{"rendered":"http:\/\/elobservatorio.com.mx\/?p=31533"},"modified":"2024-12-03T12:12:14","modified_gmt":"2024-12-03T18:12:14","slug":"carlos-alberto-montes-nuevo-delegado-del-campus-la-villa","status":"publish","type":"post","link":"http:\/\/elobservatorio.com.mx\/?p=31533","title":{"rendered":"Carlos Alberto Montes, nuevo delegado del campus la Villa"},"content":{"rendered":"<p><em>*Sustituye a Adri\u00e1n L\u00f3pez, quien se retira por jubilaci\u00f3n.<\/em><\/p>\n<p>En ejercicio de las facultades que le otorga la Ley Org\u00e1nica de la Universidad de Colima en su Art\u00edculo 27, fracciones II, IV y VIII, la ma\u00f1ana de este lunes 2 de diciembre, el rector Christian Torres Ortiz Zerme\u00f1o nombr\u00f3 a Carlos Alberto Montes Carbajal como nuevo delegado del campus Villa de \u00c1lvarez.<\/p>\n<p>Este nombramiento se dio por la jubilaci\u00f3n del anterior delegado, Adri\u00e1n L\u00f3pez Virgen. Acompa\u00f1\u00f3 al rector Priscilia \u00c1lvarez Guti\u00e9rrez, directora general de Recursos Humanos.<\/p>\n<p>El rector agradeci\u00f3 la labor de Adri\u00e1n L\u00f3pez al frente de esta delegaci\u00f3n y lo felicit\u00f3 \u201cpor tener siempre cuidado el campus y por atender a todos en esta delegaci\u00f3n. \u00c9ste no es un adi\u00f3s; seguiremos en contacto, porque esta familia no distingue si eres trabajador, estudiante o jubilado. Es lo que hace una familia muy fuerte y unida\u201d.<\/p>\n<p>Adri\u00e1n L\u00f3pez hizo un recuento de sus primeros pasos por las aulas universitarias hace ya 38 a\u00f1os. \u201cMi primera oportunidad laboral me la dio el entonces rector, Fernando Moreno Pe\u00f1a, precisamente como el primer delegado de Villa de \u00c1lvarez, y casualmente concluyo mi vida laboral en la delegaci\u00f3n que inici\u00e9\u201d.<\/p>\n<p>\u201cAgradezco al rector su confianza -agreg\u00f3-, y valoro mucho la oportunidad que me brindaste. Me voy contento, pues la Universidad me permiti\u00f3 desarrollarme, crecer; tengan la plena seguridad que cuando mi universidad me necesite, aqu\u00ed estar\u00e9\u201d.<\/p>\n<p>Finalmente, Carlos Alberto Montes, nuevo delegado, dijo sentirse muy emocionado. \u201cLa primera vez que pise la Universidad de Colima fue precisamente en este campus, en el Bachillerato 4, por lo que quiero decirles que vengo a sumarme a este gran equipo de trabajo. S\u00e9 que este es un gran equipo de trabajo; estaremos trabajando juntos, hombro con hombro, para que la delegaci\u00f3n siga en este rumbo de la calidad\u201d.<\/p>\n<p>&nbsp;<\/p>\n","protected":false},"excerpt":{"rendered":"<p>*Sustituye a Adri\u00e1n L\u00f3pez, quien se retira por jubilaci\u00f3n. En ejercicio de las facultades que le otorga la Ley Org\u00e1nica de la Universidad de Colima en su Art\u00edculo 27, fracciones II, IV y VIII, la ma\u00f1ana de este lunes 2 de diciembre, el rector Christian Torres Ortiz Zerme\u00f1o nombr\u00f3 a Carlos Alberto Montes Carbajal como&#8230;<\/p>\n","protected":false},"author":2,"featured_media":31534,"comment_status":"closed","ping_status":"open","sticky":false,"template":"","format":"standard","meta":{"footnotes":""},"categories":[14],"tags":[29,30,28],"class_list":["post-31533","post","type-post","status-publish","format-standard","has-post-thumbnail","hentry","category-educacion-y-cultura","tag-grid","tag-news","tag-slider"],"_links":{"self":[{"href":"http:\/\/elobservatorio.com.mx\/index.php?rest_route=\/wp\/v2\/posts\/31533"}],"collection":[{"href":"http:\/\/elobservatorio.com.mx\/index.php?rest_route=\/wp\/v2\/posts"}],"about":[{"href":"http:\/\/elobservatorio.com.mx\/index.php?rest_route=\/wp\/v2\/types\/post"}],"author":[{"embeddable":true,"href":"http:\/\/elobservatorio.com.mx\/index.php?rest_route=\/wp\/v2\/users\/2"}],"replies":[{"embeddable":true,"href":"http:\/\/elobservatorio.com.mx\/index.php?rest_route=%2Fwp%2Fv2%2Fcomments&post=31533"}],"version-history":[{"count":1,"href":"http:\/\/elobservatorio.com.mx\/index.php?rest_route=\/wp\/v2\/posts\/31533\/revisions"}],"predecessor-version":[{"id":31535,"href":"http:\/\/elobservatorio.com.mx\/index.php?rest_route=\/wp\/v2\/posts\/31533\/revisions\/31535"}],"wp:featuredmedia":[{"embeddable":true,"href":"http:\/\/elobservatorio.com.mx\/index.php?rest_route=\/wp\/v2\/media\/31534"}],"wp:attachment":[{"href":"http:\/\/elobservatorio.com.mx\/index.php?rest_route=%2Fwp%2Fv2%2Fmedia&parent=31533"}],"wp:term":[{"taxonomy":"category","embeddable":true,"href":"http:\/\/elobservatorio.com.mx\/index.php?rest_route=%2Fwp%2Fv2%2Fcategories&post=31533"},{"taxonomy":"post_tag","embeddable":true,"href":"http:\/\/elobservatorio.com.mx\/index.php?rest_route=%2Fwp%2Fv2%2Ftags&post=31533"}],"curies":[{"name":"wp","href":"https:\/\/api.w.org\/{rel}","templated":true}]}}