{"id":31542,"date":"2024-12-03T13:02:29","date_gmt":"2024-12-03T19:02:29","guid":{"rendered":"http:\/\/elobservatorio.com.mx\/?p=31542"},"modified":"2024-12-03T13:02:29","modified_gmt":"2024-12-03T19:02:29","slug":"celebro-economia-45-anos-con-jornadas-sobre-economia-ambiental-y-agroecologia","status":"publish","type":"post","link":"http:\/\/elobservatorio.com.mx\/?p=31542","title":{"rendered":"Celebr\u00f3 Econom\u00eda 45 a\u00f1os con jornadas sobre econom\u00eda ambiental y agroecolog\u00eda"},"content":{"rendered":"<p><em>*El aniversario no solo celebr\u00f3 los 45 a\u00f1os de la Facultad de Econom\u00eda, sino que tambi\u00e9n consolid\u00f3 su papel como actor clave en el desarrollo sostenible de Colima<\/em><\/p>\n<p>La Facultad de Econom\u00eda de la Universidad de Colima conmemor\u00f3 su 45 aniversario con una serie de eventos que destacaron su compromiso con la innovaci\u00f3n acad\u00e9mica y la sostenibilidad. Entre las actividades realizadas del 19 al 22 de noviembre, destac\u00f3 la jornada de charlas cient\u00edficas organizada por la Delegaci\u00f3n Sindical del plantel, en colaboraci\u00f3n con el Centro de Educaci\u00f3n e Investigaci\u00f3n en Biocultura, Agroecolog\u00eda, Ambiente y Salud (CEIBAAS-CIAD-CONAHCYT Colima).<\/p>\n<p>Este evento, realizado el 20 de noviembre, reuni\u00f3 a reconocidos investigadores y expertos para debatir temas clave como la econom\u00eda ambiental, la agroecolog\u00eda y el desarrollo sostenible en el contexto local. Bajo la coordinaci\u00f3n de la Dra. Dayna Priscila Salda\u00f1a Zepeda y el Dr. Ra\u00fal Alberto Rodr\u00edguez Alvarado, se presentaron cinco charlas divididas en tres bloques tem\u00e1ticos, que subrayaron la importancia de la interdisciplinariedad para enfrentar los desaf\u00edos actuales.<\/p>\n<p><strong>Econom\u00eda del agua: un llamado a la acci\u00f3n comunitaria<\/strong><\/p>\n<p>En el primer bloque, la Dra. Maura Gonz\u00e1lez Robles y el Dr. Edgar Anzures Valencia analizaron la problem\u00e1tica de la econom\u00eda del agua en Colima, destacando la urgencia de implementar pol\u00edticas p\u00fablicas que promuevan una gesti\u00f3n sostenible basada en la participaci\u00f3n comunitaria. Los especialistas enfatizaron la necesidad de abordar la creciente demanda de este recurso vital a trav\u00e9s de estrategias inclusivas y ecol\u00f3gicas.<\/p>\n<p><strong>El lim\u00f3n colimense: motor para la agroecolog\u00eda<\/strong><\/p>\n<p>El segundo bloque se enfoc\u00f3 en el potencial del lim\u00f3n agroecol\u00f3gico como motor de desarrollo para la regi\u00f3n. El Dr. Gonzalo Espinosa V\u00e1squez present\u00f3 un an\u00e1lisis detallado sobre la rentabilidad, los beneficios ambientales y sociales de este cultivo. Su investigaci\u00f3n posicion\u00f3 al lim\u00f3n como un modelo replicable para la transici\u00f3n agroecol\u00f3gica en otras zonas agr\u00edcolas del pa\u00eds.<\/p>\n<p><strong>Econom\u00eda natural y conservaci\u00f3n en el Jard\u00edn Entomol\u00f3gico de La Campana<\/strong><\/p>\n<p>El tercer bloque cerr\u00f3 con una presentaci\u00f3n sobre la econom\u00eda natural del Jard\u00edn Entomol\u00f3gico de La Campana, a cargo del Dr. Rub\u00e9n Ortega y la bi\u00f3loga Ruiz Villares. Este espacio, \u00fanico en la regi\u00f3n, se destac\u00f3 como un laboratorio vivo para la conservaci\u00f3n de la biodiversidad, la educaci\u00f3n ambiental y el desarrollo econ\u00f3mico sostenible.<\/p>\n<p><strong>Un legado hacia el futuro<\/strong><\/p>\n<p>La jornada concluy\u00f3 con una reflexi\u00f3n colectiva que reafirm\u00f3 la importancia de vincular la academia con las necesidades sociales y ambientales del estado. El CEIBAAS reiter\u00f3 su compromiso con la investigaci\u00f3n aplicada, impulsando proyectos que generen un impacto positivo en las comunidades locales y promuevan la sostenibilidad.<\/p>\n<p>El aniversario no solo celebr\u00f3 los 45 a\u00f1os de la Facultad de Econom\u00eda, sino que tambi\u00e9n consolid\u00f3 su papel como actor clave en el desarrollo sostenible de Colima. Este evento subray\u00f3 la relevancia de la colaboraci\u00f3n entre estudiantes, acad\u00e9micos y especialistas para construir soluciones innovadoras que respondan a los retos globales desde una perspectiva local.<\/p>\n<p>&nbsp;<\/p>\n","protected":false},"excerpt":{"rendered":"<p>*El aniversario no solo celebr\u00f3 los 45 a\u00f1os de la Facultad de Econom\u00eda, sino que tambi\u00e9n consolid\u00f3 su papel como actor clave en el desarrollo sostenible de Colima La Facultad de Econom\u00eda de la Universidad de Colima conmemor\u00f3 su 45 aniversario con una serie de eventos que destacaron su compromiso con la innovaci\u00f3n acad\u00e9mica y&#8230;<\/p>\n","protected":false},"author":2,"featured_media":31543,"comment_status":"closed","ping_status":"open","sticky":false,"template":"","format":"standard","meta":{"footnotes":""},"categories":[14],"tags":[29,30,28],"class_list":["post-31542","post","type-post","status-publish","format-standard","has-post-thumbnail","hentry","category-educacion-y-cultura","tag-grid","tag-news","tag-slider"],"_links":{"self":[{"href":"http:\/\/elobservatorio.com.mx\/index.php?rest_route=\/wp\/v2\/posts\/31542"}],"collection":[{"href":"http:\/\/elobservatorio.com.mx\/index.php?rest_route=\/wp\/v2\/posts"}],"about":[{"href":"http:\/\/elobservatorio.com.mx\/index.php?rest_route=\/wp\/v2\/types\/post"}],"author":[{"embeddable":true,"href":"http:\/\/elobservatorio.com.mx\/index.php?rest_route=\/wp\/v2\/users\/2"}],"replies":[{"embeddable":true,"href":"http:\/\/elobservatorio.com.mx\/index.php?rest_route=%2Fwp%2Fv2%2Fcomments&post=31542"}],"version-history":[{"count":1,"href":"http:\/\/elobservatorio.com.mx\/index.php?rest_route=\/wp\/v2\/posts\/31542\/revisions"}],"predecessor-version":[{"id":31544,"href":"http:\/\/elobservatorio.com.mx\/index.php?rest_route=\/wp\/v2\/posts\/31542\/revisions\/31544"}],"wp:featuredmedia":[{"embeddable":true,"href":"http:\/\/elobservatorio.com.mx\/index.php?rest_route=\/wp\/v2\/media\/31543"}],"wp:attachment":[{"href":"http:\/\/elobservatorio.com.mx\/index.php?rest_route=%2Fwp%2Fv2%2Fmedia&parent=31542"}],"wp:term":[{"taxonomy":"category","embeddable":true,"href":"http:\/\/elobservatorio.com.mx\/index.php?rest_route=%2Fwp%2Fv2%2Fcategories&post=31542"},{"taxonomy":"post_tag","embeddable":true,"href":"http:\/\/elobservatorio.com.mx\/index.php?rest_route=%2Fwp%2Fv2%2Ftags&post=31542"}],"curies":[{"name":"wp","href":"https:\/\/api.w.org\/{rel}","templated":true}]}}