{"id":31545,"date":"2024-12-03T13:13:28","date_gmt":"2024-12-03T19:13:28","guid":{"rendered":"http:\/\/elobservatorio.com.mx\/?p=31545"},"modified":"2024-12-03T13:13:28","modified_gmt":"2024-12-03T19:13:28","slug":"ponen-a-prueba-sus-conocimientos-en-la-expo-logistica-en-manzanillo","status":"publish","type":"post","link":"http:\/\/elobservatorio.com.mx\/?p=31545","title":{"rendered":"Ponen a prueba sus conocimientos en la Expo Log\u00edstica, en Manzanillo"},"content":{"rendered":"<p><em>*A trav\u00e9s de breves y creativos discursos, las y los alumnos de Comercio Exterior compartieron proyectos innovadores sobre temas clave de log\u00edstica, comercio local y cadenas de alimentos.<\/em><\/p>\n<p>Estudiantes de tercero y quinto semestre de los programas de Comercio Exterior y Aduanas, de la Facultad de Comercio Exterior de la Universidad de Colima, en Manzanillo, realizaron con \u00e9xito la \u201cExpo Log\u00edstica\u201d, un evento acad\u00e9mico y profesional abierto, donde el p\u00fablico conoci\u00f3 m\u00e1s de 30 proyectos.<\/p>\n<p>En la apertura, Ana Mar\u00eda Gallardo V\u00e1zquez, delegada de la UdeC en Manzanillo y el director de la Facultad de Comercio Exterior, No\u00e9 L\u00f3pez Alvarado, conocieron estos proyectos, la mayor\u00eda de bebidas artesanales como ponche, miel, caf\u00e9, dulces y postres.<\/p>\n<p>Durante la expo, las y los estudiantes de las licenciaturas en Comercio Exterior y Aduanas pusieron a prueba los conocimientos y habilidades adquiridas en sus programas acad\u00e9micos. A trav\u00e9s de breves y creativos discursos, compartieron proyectos innovadores sobre temas clave de log\u00edstica, comercio local y cadenas de alimentos.<\/p>\n<p>El estudiantado tambi\u00e9n comparti\u00f3 sus investigaciones, soluciones y propuestas de mejora en sus productos.<\/p>\n<p>Cada a\u00f1o, se realizan en el plantel este tipo de eventos. Su objetivo principal es ser una plataforma para fortalecer la vinculaci\u00f3n entre la academia y la industria, permitiendo que los y las estudiantes interact\u00faen directamente con profesionales.<\/p>\n<p>Ellos y ellas acuden a las empresas a conocer sus procesos, sus materias primas e incluso sus f\u00f3rmulas. Este intercambio es fundamental para ampliar sus horizontes de los j\u00f3venes y establecer redes de contacto que pueden resultar en futuras oportunidades profesionales.<\/p>\n<p>&nbsp;<\/p>\n<p>&nbsp;<\/p>\n","protected":false},"excerpt":{"rendered":"<p>*A trav\u00e9s de breves y creativos discursos, las y los alumnos de Comercio Exterior compartieron proyectos innovadores sobre temas clave de log\u00edstica, comercio local y cadenas de alimentos. Estudiantes de tercero y quinto semestre de los programas de Comercio Exterior y Aduanas, de la Facultad de Comercio Exterior de la Universidad de Colima, en Manzanillo,&#8230;<\/p>\n","protected":false},"author":2,"featured_media":31546,"comment_status":"closed","ping_status":"open","sticky":false,"template":"","format":"standard","meta":{"footnotes":""},"categories":[14],"tags":[29,30,28],"class_list":["post-31545","post","type-post","status-publish","format-standard","has-post-thumbnail","hentry","category-educacion-y-cultura","tag-grid","tag-news","tag-slider"],"_links":{"self":[{"href":"http:\/\/elobservatorio.com.mx\/index.php?rest_route=\/wp\/v2\/posts\/31545"}],"collection":[{"href":"http:\/\/elobservatorio.com.mx\/index.php?rest_route=\/wp\/v2\/posts"}],"about":[{"href":"http:\/\/elobservatorio.com.mx\/index.php?rest_route=\/wp\/v2\/types\/post"}],"author":[{"embeddable":true,"href":"http:\/\/elobservatorio.com.mx\/index.php?rest_route=\/wp\/v2\/users\/2"}],"replies":[{"embeddable":true,"href":"http:\/\/elobservatorio.com.mx\/index.php?rest_route=%2Fwp%2Fv2%2Fcomments&post=31545"}],"version-history":[{"count":1,"href":"http:\/\/elobservatorio.com.mx\/index.php?rest_route=\/wp\/v2\/posts\/31545\/revisions"}],"predecessor-version":[{"id":31547,"href":"http:\/\/elobservatorio.com.mx\/index.php?rest_route=\/wp\/v2\/posts\/31545\/revisions\/31547"}],"wp:featuredmedia":[{"embeddable":true,"href":"http:\/\/elobservatorio.com.mx\/index.php?rest_route=\/wp\/v2\/media\/31546"}],"wp:attachment":[{"href":"http:\/\/elobservatorio.com.mx\/index.php?rest_route=%2Fwp%2Fv2%2Fmedia&parent=31545"}],"wp:term":[{"taxonomy":"category","embeddable":true,"href":"http:\/\/elobservatorio.com.mx\/index.php?rest_route=%2Fwp%2Fv2%2Fcategories&post=31545"},{"taxonomy":"post_tag","embeddable":true,"href":"http:\/\/elobservatorio.com.mx\/index.php?rest_route=%2Fwp%2Fv2%2Ftags&post=31545"}],"curies":[{"name":"wp","href":"https:\/\/api.w.org\/{rel}","templated":true}]}}