{"id":31548,"date":"2024-12-03T19:01:59","date_gmt":"2024-12-04T01:01:59","guid":{"rendered":"http:\/\/elobservatorio.com.mx\/?p=31548"},"modified":"2024-12-03T19:01:59","modified_gmt":"2024-12-04T01:01:59","slug":"entrega-congreso-el-premio-ricardo-de-jesus-vazquez-lara-centeno-en-su-edicion-2024","status":"publish","type":"post","link":"http:\/\/elobservatorio.com.mx\/?p=31548","title":{"rendered":"Entrega Congreso el premio \u201cRicardo de Jes\u00fas V\u00e1zquez Lara Centeno\u201d en su edici\u00f3n 2024"},"content":{"rendered":"<p>En sesi\u00f3n solemne de este martes 03 de diciembre, la LXI Legislatura del Congreso del Estado de Colima, galardon\u00f3 a Jos\u00e9 Luis L\u00f3pez Garc\u00eda y Guadalupe Ang\u00e9lica Cabrera Mart\u00ednez, con el premio \u201cRicardo de Jes\u00fas V\u00e1zquez Lara Centeno\u201d, en su edici\u00f3n 2024, en el marco del D\u00eda Internacional de las Personas con Discapacidad.<\/p>\n<p>El dictamen fue elaborado por las comisiones de Bienestar, Inclusi\u00f3n Social y Equidad de G\u00e9nero; as\u00ed como la de Educaci\u00f3n, Cultura, Ciencia y Tecnolog\u00eda, presididas por las diputadas Glenda Yazm\u00edn Ochoa y Evangelina Bustamante Morales, respectivamente.<\/p>\n<p>Jos\u00e9 Luis L\u00f3pez Garc\u00eda, recibi\u00f3 el premio en la categor\u00eda de las personas o agrupaciones sociales que de manera altruista han realizado acciones destacadas para mejorar las condiciones de vida de las personas con discapacidad en el Estado. El galardonado sido voluntario activo durante 37 a\u00f1os logrando la inclusi\u00f3n de personas con discapacidad a diversas fuentes de trabajo.<\/p>\n<p>Por su parte, Guadalupe Ang\u00e9lica Cabrera Mart\u00ednez, es creedora al premio en la categor\u00eda de las personas que, teniendo alguna discapacidad, han logrado destacar de manera relevante en el desarrollo de alg\u00fan \u00e1mbito social. Fue la primera mujer con discapacidad en participar como candidata a Diputada local en el Distrito 8 de Villa de \u00c1lvarez en el que su lema de campa\u00f1a fue \u201cPor un Villa de \u00c1lvarez incluyente\u201d.<\/p>\n<p>Tambi\u00e9n se otorg\u00f3 un reconocimiento por su participaci\u00f3n en la Convocatoria a las Asociaciones y Ciudadanos: Mar\u00eda de los \u00c1ngeles Rivera Osuna; Jos\u00e9 Luis L\u00f3pez Garc\u00eda; Fundaci\u00f3n Mexicana de Autismo \u201cTato\u201d; Fundaci\u00f3n Vidrio Figueroa; Coraz\u00f3n Sobre Ruedas; Albatros Centro de Desarrollo Integral; Mar\u00eda Guadalupe M\u00e9ndez Lagunes; Jes\u00fas Alberto Mart\u00ednez L\u00f3pez; Juan Jos\u00e9 Flores Fajardo; Mar\u00eda Montserrath Guti\u00e9rrez Cabrera; Francisco Serrano Mendoza; Juan Jos\u00e9 Garc\u00eda Topete Y Guadalupe Ang\u00e9lica Cabrera Mart\u00ednez.<\/p>\n<p>Adem\u00e1s, se hizo entrega de reconocimientos por su participaci\u00f3n en la Comisi\u00f3n Dictaminadora al Lic. David Monroy Rodr\u00edguez, Director General del Instituto Colimense para la Discapacidad (INCODIS); y al C. Edgar Ismael Barajas Barajas, de la Asociaci\u00f3n Colimense de Deportes en Silla de Ruedas y Amputados A.C., como representante de las Organizaciones de la Sociedad Civil.<\/p>\n<p>En su mensaje, la diputada Glenda Ochoa expres\u00f3 que la discapacidad no es solamente una limitaci\u00f3n, sino un desaf\u00edo que puede superarse con determinaci\u00f3n, pero tambi\u00e9n con pol\u00edticas p\u00fablicas desde el gobierno federal y estatal que se traduzcan en pol\u00edticas p\u00fablicas.<\/p>\n<p>La diputada Evangelina Bustamante, felicit\u00f3 a quienes resultaron ganadores por su trayectoria. Adem\u00e1s, reconoci\u00f3 a las organizaciones y personas que participaron en la convocatoria, pero tambi\u00e9n, a quienes integran este sector poblacional, pues consider\u00f3 que son un ejemplo de resiliencia y de tenacidad.<\/p>\n<p>El presidente de la Mesa Directiva, diputado \u00c1lvaro Lozano, se\u00f1al\u00f3 que debe fomentarse en todos los \u00e1mbitos, tanto acciones como pol\u00edticas p\u00fablicas de inclusi\u00f3n y respeto para todas las personas, ya que el compromiso no debe limitarse a discursos sino traducirse en cambios concretos y profundos que permitan construir una sociedad diversa e incluyente.<\/p>\n<p>Por su parte, el Secretario General de Gobierno, Alberto Eloy Garc\u00eda Alcaraz, en representaci\u00f3n de la gobernadora Indira Vizca\u00edno, se\u00f1al\u00f3 que con acciones como la entrega de este galard\u00f3n, se reconoce el esfuerzo de quienes se dan a la tarea de mejorar las condiciones de las personas con capacidad.<\/p>\n<p>Finalmente, indic\u00f3 que la actual administraci\u00f3n estatal siempre tendr\u00e1 como una de sus prioridades la defensa de los derechos de las personas con discapacidad y exhorta a las y los presentes a seguir el ejemplo de solidaridad y el trabajo de quienes resultaron galardonados.<\/p>\n","protected":false},"excerpt":{"rendered":"<p>En sesi\u00f3n solemne de este martes 03 de diciembre, la LXI Legislatura del Congreso del Estado de Colima, galardon\u00f3 a Jos\u00e9 Luis L\u00f3pez Garc\u00eda y Guadalupe Ang\u00e9lica Cabrera Mart\u00ednez, con el premio \u201cRicardo de Jes\u00fas V\u00e1zquez Lara Centeno\u201d, en su edici\u00f3n 2024, en el marco del D\u00eda Internacional de las Personas con Discapacidad. El dictamen&#8230;<\/p>\n","protected":false},"author":2,"featured_media":31549,"comment_status":"closed","ping_status":"open","sticky":false,"template":"","format":"standard","meta":{"footnotes":""},"categories":[1],"tags":[29,30,28],"class_list":["post-31548","post","type-post","status-publish","format-standard","has-post-thumbnail","hentry","category-espacio-legislativo","tag-grid","tag-news","tag-slider"],"_links":{"self":[{"href":"http:\/\/elobservatorio.com.mx\/index.php?rest_route=\/wp\/v2\/posts\/31548"}],"collection":[{"href":"http:\/\/elobservatorio.com.mx\/index.php?rest_route=\/wp\/v2\/posts"}],"about":[{"href":"http:\/\/elobservatorio.com.mx\/index.php?rest_route=\/wp\/v2\/types\/post"}],"author":[{"embeddable":true,"href":"http:\/\/elobservatorio.com.mx\/index.php?rest_route=\/wp\/v2\/users\/2"}],"replies":[{"embeddable":true,"href":"http:\/\/elobservatorio.com.mx\/index.php?rest_route=%2Fwp%2Fv2%2Fcomments&post=31548"}],"version-history":[{"count":1,"href":"http:\/\/elobservatorio.com.mx\/index.php?rest_route=\/wp\/v2\/posts\/31548\/revisions"}],"predecessor-version":[{"id":31550,"href":"http:\/\/elobservatorio.com.mx\/index.php?rest_route=\/wp\/v2\/posts\/31548\/revisions\/31550"}],"wp:featuredmedia":[{"embeddable":true,"href":"http:\/\/elobservatorio.com.mx\/index.php?rest_route=\/wp\/v2\/media\/31549"}],"wp:attachment":[{"href":"http:\/\/elobservatorio.com.mx\/index.php?rest_route=%2Fwp%2Fv2%2Fmedia&parent=31548"}],"wp:term":[{"taxonomy":"category","embeddable":true,"href":"http:\/\/elobservatorio.com.mx\/index.php?rest_route=%2Fwp%2Fv2%2Fcategories&post=31548"},{"taxonomy":"post_tag","embeddable":true,"href":"http:\/\/elobservatorio.com.mx\/index.php?rest_route=%2Fwp%2Fv2%2Ftags&post=31548"}],"curies":[{"name":"wp","href":"https:\/\/api.w.org\/{rel}","templated":true}]}}