{"id":31554,"date":"2024-12-03T20:39:56","date_gmt":"2024-12-04T02:39:56","guid":{"rendered":"http:\/\/elobservatorio.com.mx\/?p=31554"},"modified":"2024-12-03T20:39:56","modified_gmt":"2024-12-04T02:39:56","slug":"mas-de-20-anos-de-prision-para-dos-hombres-por-homicidio-calificado-y-tentativa-de-homicidio","status":"publish","type":"post","link":"http:\/\/elobservatorio.com.mx\/?p=31554","title":{"rendered":"M\u00e1s de 20 a\u00f1os de prisi\u00f3n para dos hombres por homicidio calificado y tentativa de homicidio"},"content":{"rendered":"<p><em>+ Los hechos ocurrieron en febrero de la presente anualidad<\/em><\/p>\n<p>Dos hombres fueron encontrados culpables por el juez de control por los delitos de homicidio calificado y homicidio calificado en grado de tentativa, recibiendo Juan Olaf \u201cN\u201d 27 a\u00f1os de prisi\u00f3n, mientras que Jos\u00e9 \u201cN\u201d 23 a\u00f1os y 4 meses.<\/p>\n<p>De acuerdo con los acontecimientos, en febrero de la presente anualidad, los ahora sentenciados circulaban a bordo de una motocicleta por las calles de la colonia De los Trabajadores del municipio de Colima, cuando llegaron al domicilio de las v\u00edctimas y las agredieron con disparos de arma fuego privando de la vida a una de ellas y dejando a la otra con heridas de gravedad; posteriormente huyeron del lugar, siendo detenidos por elementos de la Polic\u00eda Estatal en la colonia Moctezuma del mismo municipio.<\/p>\n<p>Luego del proceso jurisdiccional y una vez agotada la etapa de juicio, el Juez dict\u00f3 la sentencia condenatoria para los imputados por los delitos de homicidio calificado y homicidio calificado en grado de tentativa, imponi\u00e9ndoles a Juan Olaf \u201cN\u201d la pena de 27 a\u00f1os de prisi\u00f3n, mientras que a Jos\u00e9 \u201cN\u201d 23 a\u00f1os y 4 meses, adem\u00e1s del pago econ\u00f3mico de una multa, as\u00ed como el de la reparaci\u00f3n del da\u00f1o.<\/p>\n<p>La Fiscal\u00eda del Estado sigue trabajando en la investigaci\u00f3n de los delitos y la correcta integraci\u00f3n y litigaci\u00f3n de las carpetas de investigaci\u00f3n, que permiten obtener sentencias condenatorias como este caso, para alcanzar el objetivo de la justicia en favor de las v\u00edctimas y evitar la impunidad.<\/p>\n<p>De la misma forma, la Instituci\u00f3n llama a la sociedad a que participe con la autoridad a trav\u00e9s de la denuncia an\u00f3nima al 089 y 911 para el reporte de las emergencias, sus llamadas son de gran aporte para la autoridad.<\/p>\n<p>&nbsp;<\/p>\n","protected":false},"excerpt":{"rendered":"<p>+ Los hechos ocurrieron en febrero de la presente anualidad Dos hombres fueron encontrados culpables por el juez de control por los delitos de homicidio calificado y homicidio calificado en grado de tentativa, recibiendo Juan Olaf \u201cN\u201d 27 a\u00f1os de prisi\u00f3n, mientras que Jos\u00e9 \u201cN\u201d 23 a\u00f1os y 4 meses. De acuerdo con los acontecimientos,&#8230;<\/p>\n","protected":false},"author":2,"featured_media":31555,"comment_status":"closed","ping_status":"open","sticky":false,"template":"","format":"standard","meta":{"footnotes":""},"categories":[15],"tags":[29,30,28],"class_list":["post-31554","post","type-post","status-publish","format-standard","has-post-thumbnail","hentry","category-seguridad-y-justicia","tag-grid","tag-news","tag-slider"],"_links":{"self":[{"href":"http:\/\/elobservatorio.com.mx\/index.php?rest_route=\/wp\/v2\/posts\/31554"}],"collection":[{"href":"http:\/\/elobservatorio.com.mx\/index.php?rest_route=\/wp\/v2\/posts"}],"about":[{"href":"http:\/\/elobservatorio.com.mx\/index.php?rest_route=\/wp\/v2\/types\/post"}],"author":[{"embeddable":true,"href":"http:\/\/elobservatorio.com.mx\/index.php?rest_route=\/wp\/v2\/users\/2"}],"replies":[{"embeddable":true,"href":"http:\/\/elobservatorio.com.mx\/index.php?rest_route=%2Fwp%2Fv2%2Fcomments&post=31554"}],"version-history":[{"count":1,"href":"http:\/\/elobservatorio.com.mx\/index.php?rest_route=\/wp\/v2\/posts\/31554\/revisions"}],"predecessor-version":[{"id":31556,"href":"http:\/\/elobservatorio.com.mx\/index.php?rest_route=\/wp\/v2\/posts\/31554\/revisions\/31556"}],"wp:featuredmedia":[{"embeddable":true,"href":"http:\/\/elobservatorio.com.mx\/index.php?rest_route=\/wp\/v2\/media\/31555"}],"wp:attachment":[{"href":"http:\/\/elobservatorio.com.mx\/index.php?rest_route=%2Fwp%2Fv2%2Fmedia&parent=31554"}],"wp:term":[{"taxonomy":"category","embeddable":true,"href":"http:\/\/elobservatorio.com.mx\/index.php?rest_route=%2Fwp%2Fv2%2Fcategories&post=31554"},{"taxonomy":"post_tag","embeddable":true,"href":"http:\/\/elobservatorio.com.mx\/index.php?rest_route=%2Fwp%2Fv2%2Ftags&post=31554"}],"curies":[{"name":"wp","href":"https:\/\/api.w.org\/{rel}","templated":true}]}}