{"id":31572,"date":"2024-12-03T22:19:11","date_gmt":"2024-12-04T04:19:11","guid":{"rendered":"http:\/\/elobservatorio.com.mx\/?p=31572"},"modified":"2024-12-03T22:19:11","modified_gmt":"2024-12-04T04:19:11","slug":"presentan-lineamientos-de-vinculacion-en-campus-villa-de-alvarez","status":"publish","type":"post","link":"http:\/\/elobservatorio.com.mx\/?p=31572","title":{"rendered":"Presentan lineamientos de vinculaci\u00f3n en campus Villa de \u00c1lvarez"},"content":{"rendered":"<p><em>*Durante la presentaci\u00f3n, se resalt\u00f3 que los lineamientos buscan fortalecer la eficiencia y transparencia en el proceso de vinculaci\u00f3n.<\/em><\/p>\n<p>Como parte de la gira de divulgaci\u00f3n y difusi\u00f3n, la Universidad de Colima present\u00f3 en estos d\u00edas los nuevos lineamientos de vinculaci\u00f3n en el campus de Villa de \u00c1lvarez. En el evento participaron el Dr. Carlos Ram\u00edrez Vuelvas, coordinador general de Extensi\u00f3n; el Mtro. Leobardo George Oc\u00f3n, Abogado General; el Mtro. Jes\u00fas Omar Brizuela Padilla, director general de Educaci\u00f3n Continua; el Dr. \u00d3scar Javier Solorio P\u00e9rez, director general de Vinculaci\u00f3n y el Mtro. Adri\u00e1n L\u00f3pez Virgen, ex delegado del campus.<\/p>\n<p>Durante la presentaci\u00f3n, se resalt\u00f3 que los lineamientos buscan fortalecer la eficiencia y transparencia en el proceso de vinculaci\u00f3n. \u00c9ste se estructura en cinco etapas clave: evaluaci\u00f3n de viabilidad, preparaci\u00f3n de propuestas, cotizaci\u00f3n, ejecuci\u00f3n contractual y entrega de productos. Asimismo, se reafirm\u00f3 el compromiso de la Universidad con una gesti\u00f3n \u00e9tica y rigurosa.<\/p>\n<p>Este avance posiciona a la Universidad de Colima como un referente educativo, lista para enfrentar desaf\u00edos globales con excelencia y liderazgo.<\/p>\n<p>&nbsp;<\/p>\n","protected":false},"excerpt":{"rendered":"<p>*Durante la presentaci\u00f3n, se resalt\u00f3 que los lineamientos buscan fortalecer la eficiencia y transparencia en el proceso de vinculaci\u00f3n. Como parte de la gira de divulgaci\u00f3n y difusi\u00f3n, la Universidad de Colima present\u00f3 en estos d\u00edas los nuevos lineamientos de vinculaci\u00f3n en el campus de Villa de \u00c1lvarez. En el evento participaron el Dr. Carlos&#8230;<\/p>\n","protected":false},"author":2,"featured_media":31573,"comment_status":"closed","ping_status":"open","sticky":false,"template":"","format":"standard","meta":{"footnotes":""},"categories":[14],"tags":[29,30,28],"class_list":["post-31572","post","type-post","status-publish","format-standard","has-post-thumbnail","hentry","category-educacion-y-cultura","tag-grid","tag-news","tag-slider"],"_links":{"self":[{"href":"http:\/\/elobservatorio.com.mx\/index.php?rest_route=\/wp\/v2\/posts\/31572"}],"collection":[{"href":"http:\/\/elobservatorio.com.mx\/index.php?rest_route=\/wp\/v2\/posts"}],"about":[{"href":"http:\/\/elobservatorio.com.mx\/index.php?rest_route=\/wp\/v2\/types\/post"}],"author":[{"embeddable":true,"href":"http:\/\/elobservatorio.com.mx\/index.php?rest_route=\/wp\/v2\/users\/2"}],"replies":[{"embeddable":true,"href":"http:\/\/elobservatorio.com.mx\/index.php?rest_route=%2Fwp%2Fv2%2Fcomments&post=31572"}],"version-history":[{"count":1,"href":"http:\/\/elobservatorio.com.mx\/index.php?rest_route=\/wp\/v2\/posts\/31572\/revisions"}],"predecessor-version":[{"id":31574,"href":"http:\/\/elobservatorio.com.mx\/index.php?rest_route=\/wp\/v2\/posts\/31572\/revisions\/31574"}],"wp:featuredmedia":[{"embeddable":true,"href":"http:\/\/elobservatorio.com.mx\/index.php?rest_route=\/wp\/v2\/media\/31573"}],"wp:attachment":[{"href":"http:\/\/elobservatorio.com.mx\/index.php?rest_route=%2Fwp%2Fv2%2Fmedia&parent=31572"}],"wp:term":[{"taxonomy":"category","embeddable":true,"href":"http:\/\/elobservatorio.com.mx\/index.php?rest_route=%2Fwp%2Fv2%2Fcategories&post=31572"},{"taxonomy":"post_tag","embeddable":true,"href":"http:\/\/elobservatorio.com.mx\/index.php?rest_route=%2Fwp%2Fv2%2Ftags&post=31572"}],"curies":[{"name":"wp","href":"https:\/\/api.w.org\/{rel}","templated":true}]}}