{"id":31593,"date":"2024-12-10T23:15:01","date_gmt":"2024-12-11T05:15:01","guid":{"rendered":"http:\/\/elobservatorio.com.mx\/?p=31593"},"modified":"2024-12-10T23:15:01","modified_gmt":"2024-12-11T05:15:01","slug":"unen-talento-estudiantes-de-musica-para-ofrecer-un-concierto-con-causa","status":"publish","type":"post","link":"http:\/\/elobservatorio.com.mx\/?p=31593","title":{"rendered":"Unen talento estudiantes de m\u00fasica para ofrecer un Concierto con causa"},"content":{"rendered":"<p><em>*Lo recaudado en el concierto fue para beneficiar la Casa Hogar San Jos\u00e9 y el \u00e1rea de Oncopediatr\u00eda del Instituto Estatal de Cancerolog\u00eda.<\/em><\/p>\n<p>Con muy buena respuesta del p\u00fablico se llev\u00f3 a cabo este martes por la tarde, en el Paraninfo, un <em>Concierto con causa<\/em> promovido por la agrupaci\u00f3n CambiARTE, con apoyo de la Universidad de Colima a trav\u00e9s de su Voluntariado y del Instituto Universitario de Bellas Artes (IUBA), principalmente.<\/p>\n<p>Este concierto, que ya va en su tercera edici\u00f3n, no cobra el ingreso, sino que para entrar, las y los asistentes deben llevar al menos 2 de los productos sugeridos: Frijol, az\u00facar, arroz lentejas, at\u00fan, aceite, papel higi\u00e9nico, toallas h\u00famedas, pasta de dientes, jab\u00f3n de tocador y cepillo para dientes. Lo recaudado es para beneficiar la Casa Hogar San Jos\u00e9 y el \u00e1rea de Oncopediatr\u00eda del Instituto Estatal de Cancerolog\u00eda.<\/p>\n<p>Blanca Liliana D\u00edaz V\u00e1zquez, presidenta del Voluntariado de la UdeC, agradeci\u00f3 a los asistentes su apoyo. \u201cEstos chicos [de la organizaci\u00f3n CambiARTE] se organizan cada a\u00f1o, y m\u00e1s all\u00e1 de la m\u00fasica, tienen una labor de conciencia social y de mucha solidaridad, porque el objetivo de este concierto tiene una causa y un motivo especial, el cual ustedes apoyaron donando un producto de la canasta b\u00e1sica\u201d.<\/p>\n<p>Felicit\u00f3 a Andr\u00e9s Olmos, director fundador de CambiARTE, quien junto con su grupo de amigos egresados del IUBA, realiza desde hace tres a\u00f1os este concierto navide\u00f1o, \u201cque nos recuerda la \u00e9poca de compartir y agradecer. Tambi\u00e9n agradeci\u00f3 \u201ca todos los que hicieron posible este evento, a los organizadores, a la Federaci\u00f3n de Estudiantes Colimenses, la Direcci\u00f3n de Difusi\u00f3n Cultural, al IUBA, a la Junta de Asistencia Privada y a todos los que presentes. De parte de la Universidad de Colima, les deseamos una muy Feliz Navidad y un pr\u00f3spero a\u00f1o nuevo\u201d.<\/p>\n<p>En este concierto el p\u00fablico asistente pudo disfrutar desde temas cl\u00e1sicos como <em>Allemande Suite no. 1 BWV 1007<\/em>, de J. S. Bach, hasta temas m\u00e1s actuales como <em>If Only, Go the distance<\/em>, <em>Defying Gravity<\/em>, <em>L\u00e1grimas M\u00edas<\/em>, <em>Comprendo<\/em>, <em>Dime que s<\/em>\u00ed, as\u00ed como de algunas piezas mexicanas como <em>La Gloria eres t\u00fa<\/em> y <em>Si nos dejan<\/em>.<\/p>\n<p>El canto tambi\u00e9n se hizo presente con el ensamble vocal de ni\u00f1as del Centro de Educaci\u00f3n Musical Scarlatti, quienes interpretaron cinco piezas: <em>Ejercicio Kod\u00e1ly<\/em>, <em>Tengo un gatito<\/em>, <em>En Bel\u00e9n<\/em>, <em>Luna<\/em>, <em>La Tormenta<\/em>, acompa\u00f1adas en el piano por el maestro Mart\u00edn Toscano.<\/p>\n<p>Finalmente, Andr\u00e9s Olmos Huerta aprovech\u00f3 la ocasi\u00f3n para reiterar su agradecimiento a los y las asistentes, as\u00ed como a todas instituciones, escuelas y academias y compa\u00f1eros m\u00fasicos que se sumaron para hacer posible el concierto. \u201cAgradezco a mi alma mater, en quien siempre hemos visto el apoyo y quien siempre nos ha ayudado para tener \u00e9xito en este proyecto\u201d.<\/p>\n","protected":false},"excerpt":{"rendered":"<p>*Lo recaudado en el concierto fue para beneficiar la Casa Hogar San Jos\u00e9 y el \u00e1rea de Oncopediatr\u00eda del Instituto Estatal de Cancerolog\u00eda. Con muy buena respuesta del p\u00fablico se llev\u00f3 a cabo este martes por la tarde, en el Paraninfo, un Concierto con causa promovido por la agrupaci\u00f3n CambiARTE, con apoyo de la Universidad&#8230;<\/p>\n","protected":false},"author":2,"featured_media":31594,"comment_status":"closed","ping_status":"open","sticky":false,"template":"","format":"standard","meta":{"footnotes":""},"categories":[14],"tags":[29,30,28],"class_list":["post-31593","post","type-post","status-publish","format-standard","has-post-thumbnail","hentry","category-educacion-y-cultura","tag-grid","tag-news","tag-slider"],"_links":{"self":[{"href":"http:\/\/elobservatorio.com.mx\/index.php?rest_route=\/wp\/v2\/posts\/31593"}],"collection":[{"href":"http:\/\/elobservatorio.com.mx\/index.php?rest_route=\/wp\/v2\/posts"}],"about":[{"href":"http:\/\/elobservatorio.com.mx\/index.php?rest_route=\/wp\/v2\/types\/post"}],"author":[{"embeddable":true,"href":"http:\/\/elobservatorio.com.mx\/index.php?rest_route=\/wp\/v2\/users\/2"}],"replies":[{"embeddable":true,"href":"http:\/\/elobservatorio.com.mx\/index.php?rest_route=%2Fwp%2Fv2%2Fcomments&post=31593"}],"version-history":[{"count":1,"href":"http:\/\/elobservatorio.com.mx\/index.php?rest_route=\/wp\/v2\/posts\/31593\/revisions"}],"predecessor-version":[{"id":31595,"href":"http:\/\/elobservatorio.com.mx\/index.php?rest_route=\/wp\/v2\/posts\/31593\/revisions\/31595"}],"wp:featuredmedia":[{"embeddable":true,"href":"http:\/\/elobservatorio.com.mx\/index.php?rest_route=\/wp\/v2\/media\/31594"}],"wp:attachment":[{"href":"http:\/\/elobservatorio.com.mx\/index.php?rest_route=%2Fwp%2Fv2%2Fmedia&parent=31593"}],"wp:term":[{"taxonomy":"category","embeddable":true,"href":"http:\/\/elobservatorio.com.mx\/index.php?rest_route=%2Fwp%2Fv2%2Fcategories&post=31593"},{"taxonomy":"post_tag","embeddable":true,"href":"http:\/\/elobservatorio.com.mx\/index.php?rest_route=%2Fwp%2Fv2%2Ftags&post=31593"}],"curies":[{"name":"wp","href":"https:\/\/api.w.org\/{rel}","templated":true}]}}