{"id":31599,"date":"2024-12-10T23:54:03","date_gmt":"2024-12-11T05:54:03","guid":{"rendered":"http:\/\/elobservatorio.com.mx\/?p=31599"},"modified":"2024-12-10T23:54:03","modified_gmt":"2024-12-11T05:54:03","slug":"convocan-a-la-semana-de-las-ingenierias-para-estudiantes-de-bachillerato","status":"publish","type":"post","link":"http:\/\/elobservatorio.com.mx\/?p=31599","title":{"rendered":"Convocan a la Semana de las Ingenier\u00edas para estudiantes de bachillerato"},"content":{"rendered":"<p><em>*La Semana de las Ingenier\u00edas busca apoyar a los y las estudiantes en la toma de decisiones fundamentadas al elegir una carrera profesional.<\/em><\/p>\n<p>La Universidad de Colima, a trav\u00e9s de su Direcci\u00f3n General de Educaci\u00f3n Media Superior (DGEMS), invita a estudiantes de tercero y quinto semestre de bachillerato a participar en la Semana de las Ingenier\u00edas, un evento dise\u00f1ado para orientar vocaciones profesionales. Este evento se llevar\u00e1 a cabo del 20 al 24 de enero en el campus Coquimatl\u00e1n, de 10 de la ma\u00f1ana a 2 de la tarde.<\/p>\n<p>La Semana de las Ingenier\u00edas busca apoyar a los y las estudiantes en la toma de decisiones fundamentadas al elegir una carrera profesional. Durante esta actividad, los y las participantes podr\u00e1n conocer las diversas carreras en las \u00e1reas de Qu\u00edmico-Biol\u00f3gicas, Dise\u00f1o e Ingenier\u00edas Mec\u00e1nica y Civil que ofrece la Universidad de Colima. Adem\u00e1s, tendr\u00e1n la oportunidad de realizar pr\u00e1cticas en laboratorios y conversar con investigadores, obteniendo as\u00ed una experiencia inmersiva en el entorno acad\u00e9mico.<\/p>\n<p>El titular de la DGEMS, Mart\u00edn Jes\u00fas Robles de Anda, destac\u00f3 que esta iniciativa busca generar un v\u00ednculo entre las facultades y los bachilleratos universitarios, permitiendo a los estudiantes conocer de cerca las opciones acad\u00e9micas de la Universidad y avanzar en un discernimiento vocacional informado.<\/p>\n<p>Esta primera edici\u00f3n est\u00e1 considerando la participaci\u00f3n de 145 alumnos de los bachilleratos 1, 2, 3, 4, 15, 16, 18, 30, 33 y 34, que pertenecen a las delegaciones de Colima y Villa de \u00c1lvarez. Posteriormente, se planea replicar el evento en otras delegaciones.<\/p>\n<p>Durante la Semana de las Ingenier\u00edas, los y las estudiantes participar\u00e1n en actividades como: Charlas de divulgaci\u00f3n, desarrollo de pr\u00e1cticas guiadas en los laboratorios, recorridos por las instalaciones de las facultades y conversaciones con investigadores.<\/p>\n<p>Las facultades que participar\u00e1n son las de Ingenier\u00eda Mec\u00e1nica y El\u00e9ctrica, Ciencias Qu\u00edmicas, de Ingenier\u00eda Civil y de Arquitectura y Dise\u00f1o.<\/p>\n<p>Para participar, las y los estudiantes deben cumplir con los siguientes requisitos: Ser alumnos regulares (no adeudar materias), estar inscritos en tercero o quinto semestre de bachillerato, contar con disponibilidad para participar en el programa durante toda la semana, asistir puntualmente a las actividades programadas y tener la autorizaci\u00f3n de sus padres o tutores.<\/p>\n<p>El periodo de inscripci\u00f3n estar\u00e1 abierto del 9 de diciembre al 15 de enero. El cupo es limitado, por lo que se recomienda a los interesados inscribirse lo antes posible.<\/p>\n<p>Esta actividad se realizar\u00e1 anualmente y representa una oportunidad \u00fanica para los estudiantes de vivir una experiencia acad\u00e9mica enriquecedora en las ingenier\u00edas y \u00e1reas de dise\u00f1o que ofrece la Universidad de Colima.<\/p>\n<p>&nbsp;<\/p>\n","protected":false},"excerpt":{"rendered":"<p>*La Semana de las Ingenier\u00edas busca apoyar a los y las estudiantes en la toma de decisiones fundamentadas al elegir una carrera profesional. La Universidad de Colima, a trav\u00e9s de su Direcci\u00f3n General de Educaci\u00f3n Media Superior (DGEMS), invita a estudiantes de tercero y quinto semestre de bachillerato a participar en la Semana de las&#8230;<\/p>\n","protected":false},"author":2,"featured_media":31600,"comment_status":"closed","ping_status":"open","sticky":false,"template":"","format":"standard","meta":{"footnotes":""},"categories":[14],"tags":[29,30,28],"class_list":["post-31599","post","type-post","status-publish","format-standard","has-post-thumbnail","hentry","category-educacion-y-cultura","tag-grid","tag-news","tag-slider"],"_links":{"self":[{"href":"http:\/\/elobservatorio.com.mx\/index.php?rest_route=\/wp\/v2\/posts\/31599"}],"collection":[{"href":"http:\/\/elobservatorio.com.mx\/index.php?rest_route=\/wp\/v2\/posts"}],"about":[{"href":"http:\/\/elobservatorio.com.mx\/index.php?rest_route=\/wp\/v2\/types\/post"}],"author":[{"embeddable":true,"href":"http:\/\/elobservatorio.com.mx\/index.php?rest_route=\/wp\/v2\/users\/2"}],"replies":[{"embeddable":true,"href":"http:\/\/elobservatorio.com.mx\/index.php?rest_route=%2Fwp%2Fv2%2Fcomments&post=31599"}],"version-history":[{"count":1,"href":"http:\/\/elobservatorio.com.mx\/index.php?rest_route=\/wp\/v2\/posts\/31599\/revisions"}],"predecessor-version":[{"id":31601,"href":"http:\/\/elobservatorio.com.mx\/index.php?rest_route=\/wp\/v2\/posts\/31599\/revisions\/31601"}],"wp:featuredmedia":[{"embeddable":true,"href":"http:\/\/elobservatorio.com.mx\/index.php?rest_route=\/wp\/v2\/media\/31600"}],"wp:attachment":[{"href":"http:\/\/elobservatorio.com.mx\/index.php?rest_route=%2Fwp%2Fv2%2Fmedia&parent=31599"}],"wp:term":[{"taxonomy":"category","embeddable":true,"href":"http:\/\/elobservatorio.com.mx\/index.php?rest_route=%2Fwp%2Fv2%2Fcategories&post=31599"},{"taxonomy":"post_tag","embeddable":true,"href":"http:\/\/elobservatorio.com.mx\/index.php?rest_route=%2Fwp%2Fv2%2Ftags&post=31599"}],"curies":[{"name":"wp","href":"https:\/\/api.w.org\/{rel}","templated":true}]}}