{"id":31602,"date":"2024-12-11T00:06:04","date_gmt":"2024-12-11T06:06:04","guid":{"rendered":"http:\/\/elobservatorio.com.mx\/?p=31602"},"modified":"2024-12-11T00:06:04","modified_gmt":"2024-12-11T06:06:04","slug":"cierra-semestre-ucol-peraj-con-show-navideno","status":"publish","type":"post","link":"http:\/\/elobservatorio.com.mx\/?p=31602","title":{"rendered":"Cierra semestre UCOL- Peraj con Show Navide\u00f1o"},"content":{"rendered":"<p><em>*Peraj naci\u00f3 en Israel en 1974 como un proyecto experimental del Instituto Weizmann de Ciencias, y desde entonces se ha replicado en m\u00e1s de 22 pa\u00edses. En la Universidad de Colima, el programa se implementa desde 2009.<\/em><\/p>\n<p>Con el objetivo de fomentar las tradiciones decembrinas y desarrollar habilidades art\u00edsticas en ni\u00f1os, ni\u00f1as y estudiantes universitarios, se llev\u00f3 a cabo un Show Navide\u00f1o como cierre de actividades este semestre del programa UCOL-Peraj. El evento se realiz\u00f3 el pasado 4 de diciembre de 2024 en la Sala Anexa al Paraninfo Universitario, y cont\u00f3 con la asistencia de padres y madres de familia.<\/p>\n<p>La bienvenida estuvo a cargo de la Mtra. Gabriela Vargas Rueda, directora general de la oficina de Desarrollo Integral, quien destac\u00f3 la importancia de fortalecer el desarrollo social, psicol\u00f3gico y educativo de los y las participantes del programa. Durante el evento, los asistentes disfrutaron de una variedad de actividades, entre ellas bailes navide\u00f1os y la presentaci\u00f3n de la obra teatral \u201cLa pastorela robada\u201d. Al finalizar, se entregaron regalos a los ni\u00f1os y ni\u00f1as participantes.<\/p>\n<p>El programa UCOL-Peraj est\u00e1 dirigido a hijos e hijas de trabajadores universitarios y al p\u00fablico general que cursan 5\u00ba y 6\u00ba grado de primaria. Este semestre, participaron 30 ni\u00f1os y ni\u00f1as, acompa\u00f1ados por 30 estudiantes de las facultades de Trabajo Social y Psicolog\u00eda, quienes acreditaron su Servicio Social Constitucional mediante su labor como mentores.<\/p>\n<p>Peraj es un programa nacional en el que estudiantes universitarios fungen como mentores de ni\u00f1os y ni\u00f1as en condiciones vulnerables, motiv\u00e1ndolos a desarrollar su m\u00e1ximo potencial mediante una relaci\u00f3n personalizada. En M\u00e9xico, Peraj promueve la autoestima, las habilidades sociales, los h\u00e1bitos de estudio y la cultura general de los participantes, al mismo tiempo que fomenta la responsabilidad social entre los estudiantes universitarios.<\/p>\n<p>Peraj naci\u00f3 en Israel en 1974 como un proyecto experimental del Instituto Weizmann de Ciencias, y desde entonces se ha replicado en m\u00e1s de 22 pa\u00edses. En la Universidad de Colima, el programa se implementa desde 2009 bajo la coordinaci\u00f3n del entonces Centro Universitario para el Bienestar Integral (CUBI).<\/p>\n<p>&nbsp;<\/p>\n<p>&nbsp;<\/p>\n","protected":false},"excerpt":{"rendered":"<p>*Peraj naci\u00f3 en Israel en 1974 como un proyecto experimental del Instituto Weizmann de Ciencias, y desde entonces se ha replicado en m\u00e1s de 22 pa\u00edses. En la Universidad de Colima, el programa se implementa desde 2009. Con el objetivo de fomentar las tradiciones decembrinas y desarrollar habilidades art\u00edsticas en ni\u00f1os, ni\u00f1as y estudiantes universitarios,&#8230;<\/p>\n","protected":false},"author":2,"featured_media":31603,"comment_status":"closed","ping_status":"open","sticky":false,"template":"","format":"standard","meta":{"footnotes":""},"categories":[14],"tags":[29,30,28],"class_list":["post-31602","post","type-post","status-publish","format-standard","has-post-thumbnail","hentry","category-educacion-y-cultura","tag-grid","tag-news","tag-slider"],"_links":{"self":[{"href":"http:\/\/elobservatorio.com.mx\/index.php?rest_route=\/wp\/v2\/posts\/31602"}],"collection":[{"href":"http:\/\/elobservatorio.com.mx\/index.php?rest_route=\/wp\/v2\/posts"}],"about":[{"href":"http:\/\/elobservatorio.com.mx\/index.php?rest_route=\/wp\/v2\/types\/post"}],"author":[{"embeddable":true,"href":"http:\/\/elobservatorio.com.mx\/index.php?rest_route=\/wp\/v2\/users\/2"}],"replies":[{"embeddable":true,"href":"http:\/\/elobservatorio.com.mx\/index.php?rest_route=%2Fwp%2Fv2%2Fcomments&post=31602"}],"version-history":[{"count":1,"href":"http:\/\/elobservatorio.com.mx\/index.php?rest_route=\/wp\/v2\/posts\/31602\/revisions"}],"predecessor-version":[{"id":31604,"href":"http:\/\/elobservatorio.com.mx\/index.php?rest_route=\/wp\/v2\/posts\/31602\/revisions\/31604"}],"wp:featuredmedia":[{"embeddable":true,"href":"http:\/\/elobservatorio.com.mx\/index.php?rest_route=\/wp\/v2\/media\/31603"}],"wp:attachment":[{"href":"http:\/\/elobservatorio.com.mx\/index.php?rest_route=%2Fwp%2Fv2%2Fmedia&parent=31602"}],"wp:term":[{"taxonomy":"category","embeddable":true,"href":"http:\/\/elobservatorio.com.mx\/index.php?rest_route=%2Fwp%2Fv2%2Fcategories&post=31602"},{"taxonomy":"post_tag","embeddable":true,"href":"http:\/\/elobservatorio.com.mx\/index.php?rest_route=%2Fwp%2Fv2%2Ftags&post=31602"}],"curies":[{"name":"wp","href":"https:\/\/api.w.org\/{rel}","templated":true}]}}