{"id":31612,"date":"2024-12-16T17:49:30","date_gmt":"2024-12-16T23:49:30","guid":{"rendered":"https:\/\/elobservatorio.com.mx\/?p=31612"},"modified":"2024-12-16T17:49:30","modified_gmt":"2024-12-16T23:49:30","slug":"4-personas-fueron-detenidas-por-diversos-delitos","status":"publish","type":"post","link":"http:\/\/elobservatorio.com.mx\/?p=31612","title":{"rendered":"4 personas fueron detenidas por diversos delitos\u00a0"},"content":{"rendered":"<p><b><span data-contrast=\"none\">+ Su detenci\u00f3n se efectu\u00f3 mediante \u00f3rdenes de aprehensi\u00f3n que hab\u00eda en su contra<\/span><\/b><span data-ccp-props=\"{&quot;335551550&quot;:6,&quot;335551620&quot;:6,&quot;335559685&quot;:262,&quot;335559739&quot;:0}\">\u00a0<\/span><\/p>\n<p><span data-ccp-props=\"{&quot;335551550&quot;:6,&quot;335551620&quot;:6,&quot;335559685&quot;:262,&quot;335559739&quot;:0}\">\u00a0<\/span><span data-contrast=\"none\">En seguimiento a los trabajos que realiza este Fiscal\u00eda General del Estado (FGE) mediante su personal, se logr\u00f3 la aprehensi\u00f3n de 4 personas mismas que fueron detenidas en diferentes municipios de la entidad, por los delitos de robo e incumplimiento de las obligaciones de asistencia familiar. Lo anterior, en el periodo del 03 al 05 de diciembre del a\u00f1o en curso.<\/span><span data-ccp-props=\"{&quot;335551550&quot;:6,&quot;335551620&quot;:6,&quot;335559685&quot;:262,&quot;335559739&quot;:0}\">\u00a0<\/span><\/p>\n<p><span data-ccp-props=\"{&quot;335551550&quot;:6,&quot;335551620&quot;:6,&quot;335559685&quot;:262,&quot;335559739&quot;:0}\">\u00a0<\/span><span data-contrast=\"none\">Los 3 hombres y 1 mujer quienes contaban con orden de aprehensi\u00f3n quedaron a disposici\u00f3n de Jueces de Control, como parte de investigaciones que lleva a cabo esta instituci\u00f3n.\u00a0<\/span><span data-ccp-props=\"{&quot;335551550&quot;:6,&quot;335551620&quot;:6,&quot;335559685&quot;:262,&quot;335559739&quot;:0}\">\u00a0<\/span><\/p>\n<p><span data-ccp-props=\"{&quot;335551550&quot;:6,&quot;335551620&quot;:6,&quot;335559685&quot;:262,&quot;335559739&quot;:0}\">\u00a0<\/span><span data-contrast=\"none\">Estas acciones contribuyen a iniciar o continuar de manera importante los procesos judiciales en los que est\u00e1n involucrados en los hechos delictivos.<\/span><span data-ccp-props=\"{&quot;335551550&quot;:6,&quot;335551620&quot;:6,&quot;335559685&quot;:262,&quot;335559739&quot;:0}\">\u00a0<\/span><\/p>\n<p><span data-ccp-props=\"{&quot;335551550&quot;:6,&quot;335551620&quot;:6,&quot;335559685&quot;:262,&quot;335559739&quot;:0}\">\u00a0<\/span><span data-contrast=\"none\">La FGE cumple con su objetivo de ubicar y capturar a quienes son investigados por alg\u00fan acto delictivo a efecto de conducirlos a proceso, y de resultar culpables, sean castigados conforme la ley lo establezca evitando dejar impune los delitos que laceran la integridad de las y los colimenses.<\/span><span data-ccp-props=\"{&quot;335551550&quot;:6,&quot;335551620&quot;:6,&quot;335559685&quot;:262,&quot;335559739&quot;:0}\">\u00a0<\/span><\/p>\n","protected":false},"excerpt":{"rendered":"<p>+ Su detenci\u00f3n se efectu\u00f3 mediante \u00f3rdenes de aprehensi\u00f3n que hab\u00eda en su contra\u00a0 \u00a0En seguimiento a los trabajos que realiza este Fiscal\u00eda General del Estado (FGE) mediante su personal, se logr\u00f3 la aprehensi\u00f3n de 4 personas mismas que fueron detenidas en diferentes municipios de la entidad, por los delitos de robo e incumplimiento de&#8230;<\/p>\n","protected":false},"author":2,"featured_media":31613,"comment_status":"closed","ping_status":"open","sticky":false,"template":"","format":"standard","meta":{"footnotes":""},"categories":[15],"tags":[29,30,54],"class_list":["post-31612","post","type-post","status-publish","format-standard","has-post-thumbnail","hentry","category-seguridad-y-justicia","tag-grid","tag-news","tag-slide"],"_links":{"self":[{"href":"http:\/\/elobservatorio.com.mx\/index.php?rest_route=\/wp\/v2\/posts\/31612"}],"collection":[{"href":"http:\/\/elobservatorio.com.mx\/index.php?rest_route=\/wp\/v2\/posts"}],"about":[{"href":"http:\/\/elobservatorio.com.mx\/index.php?rest_route=\/wp\/v2\/types\/post"}],"author":[{"embeddable":true,"href":"http:\/\/elobservatorio.com.mx\/index.php?rest_route=\/wp\/v2\/users\/2"}],"replies":[{"embeddable":true,"href":"http:\/\/elobservatorio.com.mx\/index.php?rest_route=%2Fwp%2Fv2%2Fcomments&post=31612"}],"version-history":[{"count":1,"href":"http:\/\/elobservatorio.com.mx\/index.php?rest_route=\/wp\/v2\/posts\/31612\/revisions"}],"predecessor-version":[{"id":31614,"href":"http:\/\/elobservatorio.com.mx\/index.php?rest_route=\/wp\/v2\/posts\/31612\/revisions\/31614"}],"wp:featuredmedia":[{"embeddable":true,"href":"http:\/\/elobservatorio.com.mx\/index.php?rest_route=\/wp\/v2\/media\/31613"}],"wp:attachment":[{"href":"http:\/\/elobservatorio.com.mx\/index.php?rest_route=%2Fwp%2Fv2%2Fmedia&parent=31612"}],"wp:term":[{"taxonomy":"category","embeddable":true,"href":"http:\/\/elobservatorio.com.mx\/index.php?rest_route=%2Fwp%2Fv2%2Fcategories&post=31612"},{"taxonomy":"post_tag","embeddable":true,"href":"http:\/\/elobservatorio.com.mx\/index.php?rest_route=%2Fwp%2Fv2%2Ftags&post=31612"}],"curies":[{"name":"wp","href":"https:\/\/api.w.org\/{rel}","templated":true}]}}