{"id":31621,"date":"2024-12-17T13:25:10","date_gmt":"2024-12-17T19:25:10","guid":{"rendered":"https:\/\/elobservatorio.com.mx\/?p=31621"},"modified":"2024-12-17T14:46:28","modified_gmt":"2024-12-17T20:46:28","slug":"mas-de-170-luminarias-led-entrego-tey-en-real-santa-fe-en-tres-anos","status":"publish","type":"post","link":"http:\/\/elobservatorio.com.mx\/?p=31621","title":{"rendered":"M\u00e1s de 170 luminarias LED entreg\u00f3 Tey en Real Santa Fe, en tres a\u00f1os"},"content":{"rendered":"<p><strong>*Invirti\u00f3 Villa de \u00c1lvarez m\u00e1s de 1 mill\u00f3n 200 mil pesos en el alumbrado p\u00fablico de esa colonia<\/strong><\/p>\n<p>Villa de \u00c1lvarez, Col.- La Presidenta Municipal Tey Guti\u00e9rrez Andrade entreg\u00f3 la obra de construcci\u00f3n de alumbrado p\u00fablico con luminarias LED en plazas p\u00fablicas en la colonia Real Santa Fe, llegando as\u00ed a 178 luminarias modernas instaladas en esa colonia, en donde se invirtieron un mill\u00f3n 269 mil 659.40 pesos.<\/p>\n<p>Ante vecinas y vecinos de esa colonia ubicada al norte de la Ciudad, la Alcaldesa se\u00f1al\u00f3 que Santa Fe fue de las primeras en beneficiarse con el programa \u201cLa Villa se Ilumina\u201d en 2022, instal\u00e1ndose aquel a\u00f1o 126 luminarias LED con un valor de 690 mil pesos.<\/p>\n<p>Agreg\u00f3 que en 2023 se colocaron 40 luminarias punta de poste para iluminar las calles, esto dentro del programa Entornos Seguros, invirtiendo 347 mil 459.60 pesos; mientras en 2024 se llev\u00f3 a cabo la construcci\u00f3n de alumbrado p\u00fablico en plazas p\u00fablicas con 12 luminarias nuevas en el jard\u00edn de la colonia.<\/p>\n<p>Se\u00f1al\u00f3 que adem\u00e1s, el Gobierno Municipal ha realizado otras acciones como la construcci\u00f3n de colector pluvial de Prolongaci\u00f3n Hidalgo, la rehabilitaci\u00f3n de la techumbre, aparatos de ejercicio y juegos infantiles en el jard\u00edn del gimnasio al aire libre.<\/p>\n<p>Asimismo, se realiz\u00f3 la poda de saneamiento y mantenimiento a la parota ubicada en calle Atlanta, se llevaron pl\u00e1ticas de Juzgado C\u00edvico, cursos de verano y pinta de bancas en colaboraci\u00f3n Ayuntamiento y vecinos en los jardines del Quiosco y Tokio.<\/p>\n<p>Tey Guti\u00e9rrez coment\u00f3 que para la actual administraci\u00f3n, la modernizaci\u00f3n y rehabilitaci\u00f3n del alumbrado p\u00fablico ha sido una prioridad, pues para lograr tener entornos seguros, primero se deben iluminar los espacios y as\u00ed la gente hacer uso de los lugares, \u201cpor eso hemos trabajado en ello\u201d.<br \/>\nAsegur\u00f3 que gracias al pago del predial que realizan los villalvarenses, es que se logran hacer las inversiones necesarias para rehabilitar y modificar los espacios p\u00fablico con los que cuenta el municipio.<\/p>\n<p>En su intervenci\u00f3n, Rogelio V\u00e1zquez, representante de los vecinos, se dijo gustoso por la pronta respuesta de la administraci\u00f3n que encabeza la Maestra Tey, para iluminar ese espacio que era un lugar obscuro y se prestaba para la inseguridad.<\/p>\n<p>Al evento asistieron vecinos del lugar, funcionarios municipales, regidores y agentes de cambio.<\/p>\n","protected":false},"excerpt":{"rendered":"<p>*Invirti\u00f3 Villa de \u00c1lvarez m\u00e1s de 1 mill\u00f3n 200 mil pesos en el alumbrado p\u00fablico de esa colonia Villa de \u00c1lvarez, Col.- La Presidenta Municipal Tey Guti\u00e9rrez Andrade entreg\u00f3 la obra de construcci\u00f3n de alumbrado p\u00fablico con luminarias LED en plazas p\u00fablicas en la colonia Real Santa Fe, llegando as\u00ed a 178 luminarias modernas instaladas&#8230;<\/p>\n","protected":false},"author":2,"featured_media":31622,"comment_status":"closed","ping_status":"open","sticky":false,"template":"","format":"standard","meta":{"footnotes":""},"categories":[42,8],"tags":[29,30,54],"class_list":["post-31621","post","type-post","status-publish","format-standard","has-post-thumbnail","hentry","category-villa-de-alvarez","category-municipios","tag-grid","tag-news","tag-slide"],"_links":{"self":[{"href":"http:\/\/elobservatorio.com.mx\/index.php?rest_route=\/wp\/v2\/posts\/31621"}],"collection":[{"href":"http:\/\/elobservatorio.com.mx\/index.php?rest_route=\/wp\/v2\/posts"}],"about":[{"href":"http:\/\/elobservatorio.com.mx\/index.php?rest_route=\/wp\/v2\/types\/post"}],"author":[{"embeddable":true,"href":"http:\/\/elobservatorio.com.mx\/index.php?rest_route=\/wp\/v2\/users\/2"}],"replies":[{"embeddable":true,"href":"http:\/\/elobservatorio.com.mx\/index.php?rest_route=%2Fwp%2Fv2%2Fcomments&post=31621"}],"version-history":[{"count":1,"href":"http:\/\/elobservatorio.com.mx\/index.php?rest_route=\/wp\/v2\/posts\/31621\/revisions"}],"predecessor-version":[{"id":31623,"href":"http:\/\/elobservatorio.com.mx\/index.php?rest_route=\/wp\/v2\/posts\/31621\/revisions\/31623"}],"wp:featuredmedia":[{"embeddable":true,"href":"http:\/\/elobservatorio.com.mx\/index.php?rest_route=\/wp\/v2\/media\/31622"}],"wp:attachment":[{"href":"http:\/\/elobservatorio.com.mx\/index.php?rest_route=%2Fwp%2Fv2%2Fmedia&parent=31621"}],"wp:term":[{"taxonomy":"category","embeddable":true,"href":"http:\/\/elobservatorio.com.mx\/index.php?rest_route=%2Fwp%2Fv2%2Fcategories&post=31621"},{"taxonomy":"post_tag","embeddable":true,"href":"http:\/\/elobservatorio.com.mx\/index.php?rest_route=%2Fwp%2Fv2%2Ftags&post=31621"}],"curies":[{"name":"wp","href":"https:\/\/api.w.org\/{rel}","templated":true}]}}