{"id":31632,"date":"2024-12-18T14:08:57","date_gmt":"2024-12-18T20:08:57","guid":{"rendered":"https:\/\/elobservatorio.com.mx\/?p=31632"},"modified":"2024-12-18T14:08:57","modified_gmt":"2024-12-18T20:08:57","slug":"masculino-es-sentenciado-por-traer-una-motocicleta-con-reporte-de-robo","status":"publish","type":"post","link":"http:\/\/elobservatorio.com.mx\/?p=31632","title":{"rendered":"Masculino es sentenciado por traer una motocicleta con reporte de robo"},"content":{"rendered":"<p><strong>+ Al ser detenido e inspeccionada la unidad vehicular, los agentes se percataron de los da\u00f1os que ten\u00eda en el sistema de encendido, as\u00ed como en el cableado<\/strong><\/p>\n<p>En el marco de un procedimiento abreviado, la Fiscal\u00eda General del Estado (FGE) logr\u00f3 la sentencia condenatoria para Jos\u00e9 Manuel \u201cN\u201d quien recibi\u00f3 la pena de prisi\u00f3n de 5 a\u00f1os 1 d\u00eda, por su responsabilidad en el delito de robo equiparado de una motocicleta.<\/p>\n<p>Los hechos ocurrieron en el municipio de Manzanillo el d\u00eda 26 de junio de este a\u00f1o, cuando elementos policiacos recibieron un reporte de C5i sobre dicha unidad vehicular la cual no contaba con placas de circulaci\u00f3n y era abordada por el imputado, por lo que al darle alcance y lograr su detenci\u00f3n, los agentes se percataron que se encontraba con el switch da\u00f1ado, as\u00ed como el cableado, adem\u00e1s de no contar con los documentos de la misma, siendo informados que contaba con reporte de robo vigente.<\/p>\n<p>Luego de las investigaciones y en el curso del proceso, el juez dict\u00f3 la sentencia condenatoria referida, as\u00ed como el pago econ\u00f3mico de una multa.<\/p>\n<p>Esto es resultado del trabajo conjunto entre la FGE y otros organismos de seguridad, quienes mantienen un esfuerzo constante por fortalecer la seguridad en la entidad y garantizar que quienes cometan delitos sean sancionados de acuerdo con la ley.<\/p>\n<p>La Fiscal\u00eda General del Estado de Colima reafirma su compromiso con la legalidad, la seguridad y la protecci\u00f3n de la ciudadan\u00eda, trabajando de manera incansable para combatir la delincuencia y hacer valer el Estado de Derecho.<\/p>\n","protected":false},"excerpt":{"rendered":"<p>+ Al ser detenido e inspeccionada la unidad vehicular, los agentes se percataron de los da\u00f1os que ten\u00eda en el sistema de encendido, as\u00ed como en el cableado En el marco de un procedimiento abreviado, la Fiscal\u00eda General del Estado (FGE) logr\u00f3 la sentencia condenatoria para Jos\u00e9 Manuel \u201cN\u201d quien recibi\u00f3 la pena de prisi\u00f3n&#8230;<\/p>\n","protected":false},"author":2,"featured_media":31633,"comment_status":"closed","ping_status":"open","sticky":false,"template":"","format":"standard","meta":{"footnotes":""},"categories":[15],"tags":[29,30,54],"class_list":["post-31632","post","type-post","status-publish","format-standard","has-post-thumbnail","hentry","category-seguridad-y-justicia","tag-grid","tag-news","tag-slide"],"_links":{"self":[{"href":"http:\/\/elobservatorio.com.mx\/index.php?rest_route=\/wp\/v2\/posts\/31632"}],"collection":[{"href":"http:\/\/elobservatorio.com.mx\/index.php?rest_route=\/wp\/v2\/posts"}],"about":[{"href":"http:\/\/elobservatorio.com.mx\/index.php?rest_route=\/wp\/v2\/types\/post"}],"author":[{"embeddable":true,"href":"http:\/\/elobservatorio.com.mx\/index.php?rest_route=\/wp\/v2\/users\/2"}],"replies":[{"embeddable":true,"href":"http:\/\/elobservatorio.com.mx\/index.php?rest_route=%2Fwp%2Fv2%2Fcomments&post=31632"}],"version-history":[{"count":1,"href":"http:\/\/elobservatorio.com.mx\/index.php?rest_route=\/wp\/v2\/posts\/31632\/revisions"}],"predecessor-version":[{"id":31634,"href":"http:\/\/elobservatorio.com.mx\/index.php?rest_route=\/wp\/v2\/posts\/31632\/revisions\/31634"}],"wp:featuredmedia":[{"embeddable":true,"href":"http:\/\/elobservatorio.com.mx\/index.php?rest_route=\/wp\/v2\/media\/31633"}],"wp:attachment":[{"href":"http:\/\/elobservatorio.com.mx\/index.php?rest_route=%2Fwp%2Fv2%2Fmedia&parent=31632"}],"wp:term":[{"taxonomy":"category","embeddable":true,"href":"http:\/\/elobservatorio.com.mx\/index.php?rest_route=%2Fwp%2Fv2%2Fcategories&post=31632"},{"taxonomy":"post_tag","embeddable":true,"href":"http:\/\/elobservatorio.com.mx\/index.php?rest_route=%2Fwp%2Fv2%2Ftags&post=31632"}],"curies":[{"name":"wp","href":"https:\/\/api.w.org\/{rel}","templated":true}]}}