{"id":31654,"date":"2024-12-19T15:38:05","date_gmt":"2024-12-19T21:38:05","guid":{"rendered":"https:\/\/elobservatorio.com.mx\/?p=31654"},"modified":"2024-12-19T15:38:05","modified_gmt":"2024-12-19T21:38:05","slug":"perroton-estara-en-la-colonia-puerta-de-rolon-el-viernes","status":"publish","type":"post","link":"http:\/\/elobservatorio.com.mx\/?p=31654","title":{"rendered":"Perrot\u00f3n estar\u00e1 en la colonia Puerta de Rol\u00f3n, el viernes"},"content":{"rendered":"<p><strong>*Habr\u00e1 asesor\u00eda m\u00e9dica para mascotas, vacuna antirr\u00e1bica, ba\u00f1o garrapaticida y recepci\u00f3n de denuncias de maltrato animal<\/strong><\/p>\n<p>Villa de \u00c1lvarez, Col.- El Gobierno Municipal de Villa de \u00c1lvarez que encabeza la Presidenta Tey Guti\u00e9rrez Andrade, llevar\u00e1 el programa Perrot\u00f3n a la colonia Puerta de Rol\u00f3n, en donde se brindar\u00e1n servicios gratuitos para las mascotas.<\/p>\n<p>La cita es este viernes 20 de diciembre, de 9:00 a 11:00 de la ma\u00f1ana, en el Jard\u00edn de la colonia ubicado entre las calles Higuera de Peters e Higuera del Centro.<\/p>\n<p>La Alcaldesa Tey detall\u00f3 que a trav\u00e9s de estas brigadas que se llevan a las diferentes colonias del municipio, se brinda asesor\u00eda m\u00e9dica para mascotas, vacuna antirr\u00e1bica y ba\u00f1o garrapaticida, asimismo se reciben denuncias de maltrato animal, a las cuales se les da el seguimiento correspondiente.<\/p>\n<p>Tey Guti\u00e9rrez manifest\u00f3 que en su gobierno \u201cLo bueno se queda\u201d, por ello, programas como este, donde se apuesta a generar una mejor calidad de vida para los felinos y caninos a trav\u00e9s de garantizar su salud de manera gratuita continuar\u00e1n realiz\u00e1ndose durante su Administraci\u00f3n municipal.<\/p>\n<p>Finalmente, la Presidenta Municipal invit\u00f3 a la poblaci\u00f3n a llevar sus mascotas, aprovechar los beneficios y ser parte de la responsabilidad del cuidado de las mascotas de compa\u00f1\u00eda.<\/p>\n","protected":false},"excerpt":{"rendered":"<p>*Habr\u00e1 asesor\u00eda m\u00e9dica para mascotas, vacuna antirr\u00e1bica, ba\u00f1o garrapaticida y recepci\u00f3n de denuncias de maltrato animal Villa de \u00c1lvarez, Col.- El Gobierno Municipal de Villa de \u00c1lvarez que encabeza la Presidenta Tey Guti\u00e9rrez Andrade, llevar\u00e1 el programa Perrot\u00f3n a la colonia Puerta de Rol\u00f3n, en donde se brindar\u00e1n servicios gratuitos para las mascotas. La cita&#8230;<\/p>\n","protected":false},"author":2,"featured_media":31655,"comment_status":"closed","ping_status":"open","sticky":false,"template":"","format":"standard","meta":{"footnotes":""},"categories":[8,42],"tags":[47,30,54],"class_list":["post-31654","post","type-post","status-publish","format-standard","has-post-thumbnail","hentry","category-municipios","category-villa-de-alvarez","tag-gris","tag-news","tag-slide"],"_links":{"self":[{"href":"http:\/\/elobservatorio.com.mx\/index.php?rest_route=\/wp\/v2\/posts\/31654"}],"collection":[{"href":"http:\/\/elobservatorio.com.mx\/index.php?rest_route=\/wp\/v2\/posts"}],"about":[{"href":"http:\/\/elobservatorio.com.mx\/index.php?rest_route=\/wp\/v2\/types\/post"}],"author":[{"embeddable":true,"href":"http:\/\/elobservatorio.com.mx\/index.php?rest_route=\/wp\/v2\/users\/2"}],"replies":[{"embeddable":true,"href":"http:\/\/elobservatorio.com.mx\/index.php?rest_route=%2Fwp%2Fv2%2Fcomments&post=31654"}],"version-history":[{"count":1,"href":"http:\/\/elobservatorio.com.mx\/index.php?rest_route=\/wp\/v2\/posts\/31654\/revisions"}],"predecessor-version":[{"id":31656,"href":"http:\/\/elobservatorio.com.mx\/index.php?rest_route=\/wp\/v2\/posts\/31654\/revisions\/31656"}],"wp:featuredmedia":[{"embeddable":true,"href":"http:\/\/elobservatorio.com.mx\/index.php?rest_route=\/wp\/v2\/media\/31655"}],"wp:attachment":[{"href":"http:\/\/elobservatorio.com.mx\/index.php?rest_route=%2Fwp%2Fv2%2Fmedia&parent=31654"}],"wp:term":[{"taxonomy":"category","embeddable":true,"href":"http:\/\/elobservatorio.com.mx\/index.php?rest_route=%2Fwp%2Fv2%2Fcategories&post=31654"},{"taxonomy":"post_tag","embeddable":true,"href":"http:\/\/elobservatorio.com.mx\/index.php?rest_route=%2Fwp%2Fv2%2Ftags&post=31654"}],"curies":[{"name":"wp","href":"https:\/\/api.w.org\/{rel}","templated":true}]}}