{"id":31660,"date":"2024-12-19T16:22:39","date_gmt":"2024-12-19T22:22:39","guid":{"rendered":"https:\/\/elobservatorio.com.mx\/?p=31660"},"modified":"2024-12-19T16:22:39","modified_gmt":"2024-12-19T22:22:39","slug":"invita-tey-a-presenciar-caravana-navidena","status":"publish","type":"post","link":"http:\/\/elobservatorio.com.mx\/?p=31660","title":{"rendered":"Invita Tey a presenciar Caravana Navide\u00f1a"},"content":{"rendered":"<p><strong>*Partir\u00e1 este s\u00e1bado a las 6 de la tarde de City Club y culminar\u00e1 en el Jard\u00edn Principal\u00a0<\/strong><\/p>\n<p>El Ayuntamiento de Villa de \u00c1lvarez que encabeza la Presidenta Tey Guti\u00e9rrez invit\u00f3 a disfrutar de la Caravana Navide\u00f1a 2024, que recorrer\u00e1 las principales avenidas de la cabecera municipal, llevando alegr\u00eda y diversi\u00f3n a todas las familias.<\/p>\n<p>La Alcaldesa se\u00f1al\u00f3 que la Caravana Navide\u00f1a se realizar\u00e1 este s\u00e1bado 21 de diciembre, arrancando en la esquina de las avenidas Federico C\u00e1rdenas Barajas y Mar\u00eda Ahumada de G\u00f3mez, en la tienda City Club, a las 18:00 horas, para culminar el recorrido en el Jard\u00edn Independencia (Jard\u00edn Principal).<\/p>\n<p>Tey Guti\u00e9rrez detall\u00f3 que los veh\u00edculos decorados con tem\u00e1tica navide\u00f1a recorrer\u00e1n las avenidas Mar\u00eda Ahumada, tomar\u00e1n Ayuntamiento, pasar\u00e1n por Almolonia, entrar\u00e1n a Bah\u00eda de Santiago hasta cruzar con Akolliman y as\u00ed llegar a Tercer Anillo, de ah\u00ed a la Glorieta de Los Perritos para abordar Enrique Corona Morf\u00edn hasta el cruce con J. Merced Cabrera.<\/p>\n<p>De J. Merced Cabrera la Caravana llegar\u00e1 hasta Pablo Silva Garc\u00eda, para de ah\u00ed tomar avenida Ni\u00f1os H\u00e9roes hasta llegar a la colonia Palo Alto donde retornar\u00e1 continuando por Ni\u00f1os H\u00e9roes para encontrarse nuevamente con Pablo Silva, seguir hasta Diego Garc\u00eda Conde, de donde llegar\u00e1 hasta Benito Ju\u00e1rez, para retomar J. Merced Cabrera y culminar en el Jard\u00edn Principal.<\/p>\n<p>Guti\u00e9rrez Andarder coment\u00f3 que eta actividad fue creada con el objetivo de que las ni\u00f1as, ni\u00f1os y familias disfruten de un espect\u00e1culo de carros aleg\u00f3ricos, luces, disfraces, dulces y regalos alusivos a la temporada navide\u00f1a, desde la comodidad de sus colonias y sin que les genere un gasto.<\/p>\n","protected":false},"excerpt":{"rendered":"<p>*Partir\u00e1 este s\u00e1bado a las 6 de la tarde de City Club y culminar\u00e1 en el Jard\u00edn Principal\u00a0 El Ayuntamiento de Villa de \u00c1lvarez que encabeza la Presidenta Tey Guti\u00e9rrez invit\u00f3 a disfrutar de la Caravana Navide\u00f1a 2024, que recorrer\u00e1 las principales avenidas de la cabecera municipal, llevando alegr\u00eda y diversi\u00f3n a todas las familias&#8230;.<\/p>\n","protected":false},"author":2,"featured_media":31661,"comment_status":"closed","ping_status":"open","sticky":false,"template":"","format":"standard","meta":{"footnotes":""},"categories":[8,42],"tags":[29,30,54],"class_list":["post-31660","post","type-post","status-publish","format-standard","has-post-thumbnail","hentry","category-municipios","category-villa-de-alvarez","tag-grid","tag-news","tag-slide"],"_links":{"self":[{"href":"http:\/\/elobservatorio.com.mx\/index.php?rest_route=\/wp\/v2\/posts\/31660"}],"collection":[{"href":"http:\/\/elobservatorio.com.mx\/index.php?rest_route=\/wp\/v2\/posts"}],"about":[{"href":"http:\/\/elobservatorio.com.mx\/index.php?rest_route=\/wp\/v2\/types\/post"}],"author":[{"embeddable":true,"href":"http:\/\/elobservatorio.com.mx\/index.php?rest_route=\/wp\/v2\/users\/2"}],"replies":[{"embeddable":true,"href":"http:\/\/elobservatorio.com.mx\/index.php?rest_route=%2Fwp%2Fv2%2Fcomments&post=31660"}],"version-history":[{"count":1,"href":"http:\/\/elobservatorio.com.mx\/index.php?rest_route=\/wp\/v2\/posts\/31660\/revisions"}],"predecessor-version":[{"id":31662,"href":"http:\/\/elobservatorio.com.mx\/index.php?rest_route=\/wp\/v2\/posts\/31660\/revisions\/31662"}],"wp:featuredmedia":[{"embeddable":true,"href":"http:\/\/elobservatorio.com.mx\/index.php?rest_route=\/wp\/v2\/media\/31661"}],"wp:attachment":[{"href":"http:\/\/elobservatorio.com.mx\/index.php?rest_route=%2Fwp%2Fv2%2Fmedia&parent=31660"}],"wp:term":[{"taxonomy":"category","embeddable":true,"href":"http:\/\/elobservatorio.com.mx\/index.php?rest_route=%2Fwp%2Fv2%2Fcategories&post=31660"},{"taxonomy":"post_tag","embeddable":true,"href":"http:\/\/elobservatorio.com.mx\/index.php?rest_route=%2Fwp%2Fv2%2Ftags&post=31660"}],"curies":[{"name":"wp","href":"https:\/\/api.w.org\/{rel}","templated":true}]}}