{"id":31666,"date":"2024-12-20T17:58:07","date_gmt":"2024-12-20T23:58:07","guid":{"rendered":"https:\/\/elobservatorio.com.mx\/?p=31666"},"modified":"2024-12-20T17:58:07","modified_gmt":"2024-12-20T23:58:07","slug":"anuncia-el-alcalde-de-colima-la-presentacion-de-kumbia-kings-y-grupo-palomo-en-el-festival-colima-resplandece","status":"publish","type":"post","link":"http:\/\/elobservatorio.com.mx\/?p=31666","title":{"rendered":"Anuncia el alcalde de Colima, la presentaci\u00f3n de Kumbia Kings y Grupo Palomo, en el festival \u201cColima Resplandece\u201d"},"content":{"rendered":"<p>En el festival \u201cColima Resplandece\u201d, se tendr\u00e1 la presentaci\u00f3n, entre otros artistas, del Grupo Kumbia Kings y el Grupo Palomo, seg\u00fan lo dio a conocer esta tarde el presidente municipal de Colima, Riult Rivera Guti\u00e9rrez.<\/p>\n<p>En conferencia de prensa en donde el alcalde capitalino estuvo acompa\u00f1ado por Viridiana Valencia, quien acudi\u00f3 como representante de la Gobernadora del Estado; de la Subsecretar\u00eda de Turismo del Estado, y de las diversas c\u00e1maras empresariales, Riult Rivera, dio a conocer los nombres de los grupos art\u00edsticos que se estar\u00e1n presentando el pr\u00f3ximo 31 de diciembre a partir de las 18:00 horas en el foro que se colocar\u00e1 en el Jard\u00edn Libertad.<\/p>\n<p>El alcalde Riult Rivera, indic\u00f3 que en coordinaci\u00f3n con las distintas c\u00e1maras empresariales que se han sumado a este festival, est\u00e1n trabajando de manera coordinada con la administraci\u00f3n municipal, con el \u00fanico prop\u00f3sito de que el festival \u201cResplandece Colima\u201d, resulte un \u00e9xito y las familias colimenses vean que mediante la conjunci\u00f3n de esfuerzos Otro Colima es posible.<\/p>\n<p>Riult Rivera se\u00f1al\u00f3 que el pr\u00f3ximo 31 de diciembre, desde el Jard\u00edn Libertad, habr\u00e1 la quema de fuegos artificiales, se tendr\u00e1 la presentaci\u00f3n del show de drones y concluir\u00e1 con el espect\u00e1culo que significar\u00e1 el Colima resplandece, el cual se podr\u00e1 disfrutar desde diversos puntos de la zona centro de la ciudad de Colima-<\/p>\n<p>El edil capitalino, dijo que con este tipo de festivales el Ayuntamiento de Colima, est\u00e1 buscando reactivar la econom\u00eda de las diversas c\u00e1maras empresariales, pues se instalar\u00e1 un corredor gastron\u00f3mico, por lo que habr\u00e1 beneficios para los afiliados a la CANACO, a la CANIRAC, a la COPARMEX, a la Asociaci\u00f3n Mexicana de Mujeres Empresarias, as\u00ed como al sector hotelero, el cual desde el inicio de la presente administraci\u00f3n municipal, ha estado registrando un repunte, afirm\u00f3 el alcalde.<\/p>\n<p>Antes de concluir Riult Rivera insisti\u00f3 en hacer un llamado a todas las familias colimenses, a que el pr\u00f3ximo 31 de diciembre, se trasladen al coraz\u00f3n de la Ciudad de Colima, el Jard\u00edn Libertad, y con su presencia sean parte de esta gran fiesta que viene organizando el Ayuntamiento de Colima, dijo Riult Rivera,<\/p>\n","protected":false},"excerpt":{"rendered":"<p>En el festival \u201cColima Resplandece\u201d, se tendr\u00e1 la presentaci\u00f3n, entre otros artistas, del Grupo Kumbia Kings y el Grupo Palomo, seg\u00fan lo dio a conocer esta tarde el presidente municipal de Colima, Riult Rivera Guti\u00e9rrez. En conferencia de prensa en donde el alcalde capitalino estuvo acompa\u00f1ado por Viridiana Valencia, quien acudi\u00f3 como representante de la&#8230;<\/p>\n","protected":false},"author":2,"featured_media":31667,"comment_status":"closed","ping_status":"open","sticky":false,"template":"","format":"standard","meta":{"footnotes":""},"categories":[8,36],"tags":[29,30,54],"class_list":["post-31666","post","type-post","status-publish","format-standard","has-post-thumbnail","hentry","category-municipios","category-colima","tag-grid","tag-news","tag-slide"],"_links":{"self":[{"href":"http:\/\/elobservatorio.com.mx\/index.php?rest_route=\/wp\/v2\/posts\/31666"}],"collection":[{"href":"http:\/\/elobservatorio.com.mx\/index.php?rest_route=\/wp\/v2\/posts"}],"about":[{"href":"http:\/\/elobservatorio.com.mx\/index.php?rest_route=\/wp\/v2\/types\/post"}],"author":[{"embeddable":true,"href":"http:\/\/elobservatorio.com.mx\/index.php?rest_route=\/wp\/v2\/users\/2"}],"replies":[{"embeddable":true,"href":"http:\/\/elobservatorio.com.mx\/index.php?rest_route=%2Fwp%2Fv2%2Fcomments&post=31666"}],"version-history":[{"count":1,"href":"http:\/\/elobservatorio.com.mx\/index.php?rest_route=\/wp\/v2\/posts\/31666\/revisions"}],"predecessor-version":[{"id":31668,"href":"http:\/\/elobservatorio.com.mx\/index.php?rest_route=\/wp\/v2\/posts\/31666\/revisions\/31668"}],"wp:featuredmedia":[{"embeddable":true,"href":"http:\/\/elobservatorio.com.mx\/index.php?rest_route=\/wp\/v2\/media\/31667"}],"wp:attachment":[{"href":"http:\/\/elobservatorio.com.mx\/index.php?rest_route=%2Fwp%2Fv2%2Fmedia&parent=31666"}],"wp:term":[{"taxonomy":"category","embeddable":true,"href":"http:\/\/elobservatorio.com.mx\/index.php?rest_route=%2Fwp%2Fv2%2Fcategories&post=31666"},{"taxonomy":"post_tag","embeddable":true,"href":"http:\/\/elobservatorio.com.mx\/index.php?rest_route=%2Fwp%2Fv2%2Ftags&post=31666"}],"curies":[{"name":"wp","href":"https:\/\/api.w.org\/{rel}","templated":true}]}}