{"id":31669,"date":"2024-12-23T15:26:25","date_gmt":"2024-12-23T21:26:25","guid":{"rendered":"https:\/\/elobservatorio.com.mx\/?p=31669"},"modified":"2024-12-23T15:26:25","modified_gmt":"2024-12-23T21:26:25","slug":"aprueba-el-cabildo-de-colima-la-realizacion-del-festival-colima-resplandece-2024","status":"publish","type":"post","link":"http:\/\/elobservatorio.com.mx\/?p=31669","title":{"rendered":"Aprueba el Cabildo de Colima, la realizaci\u00f3n del festival \u201cColima Resplandece 2024\u201d"},"content":{"rendered":"<p><strong>* Durante los d\u00edas 31 de diciembre y 1 de enero, en el Jard\u00edn Libertad y calles aleda\u00f1as del centro de la ciudad.<\/strong><\/p>\n<p><strong>*Buscamos fortalecer, la econom\u00eda, la convivencia familiar y que seamos una sociedad m\u00e1s unida, dice Riult Rivera<\/strong><\/p>\n<p style=\"text-align: center;\">El Cabildo del Ayuntamiento de Colima, aprob\u00f3 por unanimidad autorizar al presidente municipal Riult Rivera Guti\u00e9rrez, la realizaci\u00f3n del Festival \u201cColima Resplandece 2024\u201d, el cual se desarrollar\u00e1 el pr\u00f3ximo 31 de diciembre de 2024 y el 1 de enero de 2025.<\/p>\n<p>Este festival tiene como finalidad impulsar el esp\u00edritu de la Navidad, que est\u00e9 presente durante los festejos decembrinos, as\u00ed como impulsar la econom\u00eda, la uni\u00f3n comunitaria, la convivencia familiar, el talento art\u00edstico y las adicciones culturales.<\/p>\n<p>El Ayuntamiento de Colima que encabeza el presidente Riult Rivera Guti\u00e9rrez, declar\u00f3 recinto ferial el 31 de diciembre de 2024 y el 1 de enero de 2025, el Jard\u00edn Libertad, as\u00ed como las vialidades adyacentes, como son las calles Reforma, Hidalgo, Degollado y avenida Madero.<\/p>\n<p>Asimismo la avenida Madero, entre la calle Gabino Barreda a la calle Degollado, as\u00ed como el andador Constituci\u00f3n, para que en ellas se desarrollen las diferentes actividades que est\u00e1 organizando el Ayuntamiento de Colima, en los espacios se\u00f1alados.<\/p>\n<p>Para efectos de la seguridad de los asistentes al evento y desarrollo del mismo, las calles antes indicadas se cerrar\u00e1n a la circulaci\u00f3n vehicular, dentro de los horarios que para tal efecto solicita la Direcci\u00f3n de Desarrollo Econ\u00f3mico, Social y Humano, as\u00ed como de la Direcci\u00f3n de Seguridad P\u00fablica y Justicia C\u00edvica.<\/p>\n<p>El presidente Riult Rivera, destac\u00f3 que lo que se persigue con la realizaci\u00f3n de este festival \u201cColima Resplandece\u201d, es que seamos una sociedad m\u00e1s unida, m\u00e1s humanizada y aqu\u00ed debemos contemplar todos los elementos, como el medio ambiente, que seamos m\u00e1s conscientes en nuestras conductas, en nuestro trabajo y que las acciones que estamos emprendiendo a favor del pueblo de Colima, sean genuinamente para que las cosas nos vayan mejor saqu\u00ed en la ciudad capital y por supuesto en el municipio capital.<\/p>\n<p>Destac\u00f3 el edil capitalino que esta es la primera ocasi\u00f3n que se est\u00e1 organizando este festival en coordinaci\u00f3n con el Gobierno del Estado, buscamos tener un gran \u00e9xito en este festival que pretendemos que sea de car\u00e1cter anual.<\/p>\n<p>Rivera Guti\u00e9rrez dijo que lo que se est\u00e1 buscando es que en todo el estado haya buena armonizaci\u00f3n y en uni\u00f3n, todos cooperemos para que recuperemos la tranquilidad, la calma y que convivamos como sociedad, lo cual es important\u00edsimo que tengamos paz, armon\u00eda y promover la sana convivencia.<\/p>\n<p>Agreg\u00f3 que lo que se persigue es que todas las familias se unan a este tipo de festivales, donde trabajemos de la mano sociedad y gobierno municipal, y nos involucremos los tres \u00f3rdenes de gobierno y consigamos nuestro objetivo, que es el que disfrutemos de un mejor lugar para vivir, que este sea mejor municipio para invertir, para educarnos, para capacitarnos para tener una mejor calidad de vida.<\/p>\n<p>Riult Rivera, afirm\u00f3 que en Colima capital estamos listos para recibir a todas las familias de los diez municipios que vengan a divertirse a gozar del esparcimiento y lo m\u00e1s importante, que nos unamos como sociedad y convivamos en familia, con amigas, con amigos y disfrutar con todo este festival, que aspiramos que llegue para quedarse de manera permanente cada a\u00f1o.<\/p>\n<p>Por otra parte, en la misma sesi\u00f3n, las y los integrantes del cabildo del Ayuntamiento capitalino, aprobaron por unanimidad, el dictamen mediante el cual se autoriza al alcalde Riult Rivera, a suscribir un convenio de colaboraci\u00f3n con la Comisi\u00f3n Federal de Electricidad, para regular el suministro b\u00e1sico de electricidad que prestar\u00e1 la CFE al municipio para la operaci\u00f3n del alumbrado p\u00fablico, sem\u00e1foros y otras.<\/p>\n<p>Durante la sesi\u00f3n ordinaria de Cabildo se dio lectura al documento, en donde se destaca que el objetivo principal del convenio es regular el suministro b\u00e1sico de energ\u00eda el\u00e9ctrica sobre carga directa, servicios sin medici\u00f3n, para la operaci\u00f3n del alumbrado p\u00fablico, sem\u00e1foros y otras en el municipio de Colima, donde se atender\u00e1 lo dispuesto en los considerandos del dictamen.<\/p>\n","protected":false},"excerpt":{"rendered":"<p>* Durante los d\u00edas 31 de diciembre y 1 de enero, en el Jard\u00edn Libertad y calles aleda\u00f1as del centro de la ciudad. *Buscamos fortalecer, la econom\u00eda, la convivencia familiar y que seamos una sociedad m\u00e1s unida, dice Riult Rivera El Cabildo del Ayuntamiento de Colima, aprob\u00f3 por unanimidad autorizar al presidente municipal Riult Rivera&#8230;<\/p>\n","protected":false},"author":2,"featured_media":31670,"comment_status":"closed","ping_status":"open","sticky":false,"template":"","format":"standard","meta":{"footnotes":""},"categories":[8,36],"tags":[29,30,54],"class_list":["post-31669","post","type-post","status-publish","format-standard","has-post-thumbnail","hentry","category-municipios","category-colima","tag-grid","tag-news","tag-slide"],"_links":{"self":[{"href":"http:\/\/elobservatorio.com.mx\/index.php?rest_route=\/wp\/v2\/posts\/31669"}],"collection":[{"href":"http:\/\/elobservatorio.com.mx\/index.php?rest_route=\/wp\/v2\/posts"}],"about":[{"href":"http:\/\/elobservatorio.com.mx\/index.php?rest_route=\/wp\/v2\/types\/post"}],"author":[{"embeddable":true,"href":"http:\/\/elobservatorio.com.mx\/index.php?rest_route=\/wp\/v2\/users\/2"}],"replies":[{"embeddable":true,"href":"http:\/\/elobservatorio.com.mx\/index.php?rest_route=%2Fwp%2Fv2%2Fcomments&post=31669"}],"version-history":[{"count":1,"href":"http:\/\/elobservatorio.com.mx\/index.php?rest_route=\/wp\/v2\/posts\/31669\/revisions"}],"predecessor-version":[{"id":31671,"href":"http:\/\/elobservatorio.com.mx\/index.php?rest_route=\/wp\/v2\/posts\/31669\/revisions\/31671"}],"wp:featuredmedia":[{"embeddable":true,"href":"http:\/\/elobservatorio.com.mx\/index.php?rest_route=\/wp\/v2\/media\/31670"}],"wp:attachment":[{"href":"http:\/\/elobservatorio.com.mx\/index.php?rest_route=%2Fwp%2Fv2%2Fmedia&parent=31669"}],"wp:term":[{"taxonomy":"category","embeddable":true,"href":"http:\/\/elobservatorio.com.mx\/index.php?rest_route=%2Fwp%2Fv2%2Fcategories&post=31669"},{"taxonomy":"post_tag","embeddable":true,"href":"http:\/\/elobservatorio.com.mx\/index.php?rest_route=%2Fwp%2Fv2%2Ftags&post=31669"}],"curies":[{"name":"wp","href":"https:\/\/api.w.org\/{rel}","templated":true}]}}