{"id":31679,"date":"2024-12-26T20:18:38","date_gmt":"2024-12-27T02:18:38","guid":{"rendered":"https:\/\/elobservatorio.com.mx\/?p=31679"},"modified":"2024-12-26T20:18:38","modified_gmt":"2024-12-27T02:18:38","slug":"10-personas-son-detenidas-mediante-ordenes-de-aprehension","status":"publish","type":"post","link":"http:\/\/elobservatorio.com.mx\/?p=31679","title":{"rendered":"10 personas son detenidas mediante \u00f3rdenes de aprehensi\u00f3n"},"content":{"rendered":"<p><strong>+Uno de ellas fue aprehendida en el municipio de Villa de \u00c1lvarez y entregada a las autoridades de la Fiscal\u00eda de Mexicali Baja California<\/strong><\/p>\n<p><strong>+ Trabajos realizados en el periodo del 10 al 20 de diciembre de la presente anualidad<\/strong><\/p>\n<p>En seguimiento a los trabajos que realiza este FGE mediante su personal, se logr\u00f3 la aprehensi\u00f3n de 10 personas, mismas que fueron detenidas en diferentes municipios de la entidad, por los delitos de robo calificado, contra la salud, lesiones dolosas, incumplimiento de las obligaciones de asistencia familiar, equiparado al abuso de confianza y fraude.<\/p>\n<p>Los 9 hombres y una mujer quienes contaban con las \u00f3rdenes de aprehensi\u00f3n en su contra fueron puestos a disposici\u00f3n del \u00f3rgano jurisdiccional para dar paso a las investigaciones correspondientes que lleva a cabo la Fiscal\u00eda General. Es de resaltar que, derivado de la colaboraci\u00f3n interinstitucional, la f\u00e9mina fue detenida en el municipio de Villa de \u00c1lvarez y entregada a agentes de la Fiscal\u00eda de Mexicali Baja California.<\/p>\n<p>Este tipo de acciones contribuyen a iniciar o continuar de manera importante los procesos judiciales en los que est\u00e1n involucrados en los hechos delictivos.<\/p>\n<p>La instituci\u00f3n sigue cumpliendo con el objetivo de ubicar y capturar a quienes son investigados por alg\u00fan acto delictivo a efecto de conducirlos a proceso, y de resultar culpables, sean castigados conforme la ley lo establezca evitando dejar impune los delitos que laceran la integridad de las y los colimenses.<\/p>\n<p>&nbsp;<\/p>\n","protected":false},"excerpt":{"rendered":"<p>+Uno de ellas fue aprehendida en el municipio de Villa de \u00c1lvarez y entregada a las autoridades de la Fiscal\u00eda de Mexicali Baja California + Trabajos realizados en el periodo del 10 al 20 de diciembre de la presente anualidad En seguimiento a los trabajos que realiza este FGE mediante su personal, se logr\u00f3 la&#8230;<\/p>\n","protected":false},"author":2,"featured_media":31680,"comment_status":"closed","ping_status":"open","sticky":false,"template":"","format":"standard","meta":{"footnotes":""},"categories":[15],"tags":[29,30,54],"class_list":["post-31679","post","type-post","status-publish","format-standard","has-post-thumbnail","hentry","category-seguridad-y-justicia","tag-grid","tag-news","tag-slide"],"_links":{"self":[{"href":"http:\/\/elobservatorio.com.mx\/index.php?rest_route=\/wp\/v2\/posts\/31679"}],"collection":[{"href":"http:\/\/elobservatorio.com.mx\/index.php?rest_route=\/wp\/v2\/posts"}],"about":[{"href":"http:\/\/elobservatorio.com.mx\/index.php?rest_route=\/wp\/v2\/types\/post"}],"author":[{"embeddable":true,"href":"http:\/\/elobservatorio.com.mx\/index.php?rest_route=\/wp\/v2\/users\/2"}],"replies":[{"embeddable":true,"href":"http:\/\/elobservatorio.com.mx\/index.php?rest_route=%2Fwp%2Fv2%2Fcomments&post=31679"}],"version-history":[{"count":1,"href":"http:\/\/elobservatorio.com.mx\/index.php?rest_route=\/wp\/v2\/posts\/31679\/revisions"}],"predecessor-version":[{"id":31681,"href":"http:\/\/elobservatorio.com.mx\/index.php?rest_route=\/wp\/v2\/posts\/31679\/revisions\/31681"}],"wp:featuredmedia":[{"embeddable":true,"href":"http:\/\/elobservatorio.com.mx\/index.php?rest_route=\/wp\/v2\/media\/31680"}],"wp:attachment":[{"href":"http:\/\/elobservatorio.com.mx\/index.php?rest_route=%2Fwp%2Fv2%2Fmedia&parent=31679"}],"wp:term":[{"taxonomy":"category","embeddable":true,"href":"http:\/\/elobservatorio.com.mx\/index.php?rest_route=%2Fwp%2Fv2%2Fcategories&post=31679"},{"taxonomy":"post_tag","embeddable":true,"href":"http:\/\/elobservatorio.com.mx\/index.php?rest_route=%2Fwp%2Fv2%2Ftags&post=31679"}],"curies":[{"name":"wp","href":"https:\/\/api.w.org\/{rel}","templated":true}]}}