{"id":31682,"date":"2024-12-26T20:47:24","date_gmt":"2024-12-27T02:47:24","guid":{"rendered":"https:\/\/elobservatorio.com.mx\/?p=31682"},"modified":"2024-12-26T20:47:24","modified_gmt":"2024-12-27T02:47:24","slug":"circuito-mexiquense","status":"publish","type":"post","link":"http:\/\/elobservatorio.com.mx\/?p=31682","title":{"rendered":"CIRCUITO MEXIQUENSE"},"content":{"rendered":"<p><strong>Por \u00c1ngel Bocanegra<\/strong><\/p>\n<p><strong>LAS QUERENCIAS DE DELFINA<\/strong><\/p>\n<p>\u00b7 La priista de Amecameca Ivette Topete no ser\u00eda raro que traicione a su partido y brinque al corral morenista<\/p>\n<p>La gobernadora Delfina G\u00f3mez cerrar\u00e1 el a\u00f1o entre claroscuros, pero en el 2025 iniciar\u00e1 con un buen pu\u00f1ado de alcaldes y legisladores que est\u00e1n dispuestos a formar parte del nuevo grupo pol\u00edtico que se empuja desde Palacio de Gobierno, con el que se pretende restarle fuerza a Higinio Mart\u00ednez.<\/p>\n<p>Las tomas de protesta de los presidentes municipales que entrar\u00e1n en funciones el 1 de enero mostraron las querencias de la maestra, en las que figura incluso la alcaldesa de Amecameca, la priista Ivette Topete, quien no ser\u00eda raro que brinque al corral morenista.<\/p>\n<p>Por lo pronto, la mandataria estuvo presente en su natal Texcoco, para encabezar el acto protocolario de Nazario Rodr\u00edguez, que aunque de formaci\u00f3n higinista hay visos de que est\u00e1 en ciernes un distanciamiento con el senador y su grupo.<\/p>\n<p>Acudi\u00f3 a la toma de protesta de presidentes municipales que no precisamente comulgan con el senador, como es el caso de Ricardo Moreno, en Toluca; de Daniel Serrano, Cuautitl\u00e1n Izcalli; Isaac Montoya, Naucalpan; Raciel P\u00e9rez, en Tlalnepantla, y Javier Mendoza, de Chicoloapan.<\/p>\n<p>Estuvo adem\u00e1s en Chiconcuac, con Rafael V\u00e1zquez de la Rosa, y en Valle de Bravo, con Michelle N\u00fa\u00f1ez, y no dej\u00f3 de llamar la atenci\u00f3n su ausencia en Ecatepec, con Azucena Cisneros, quiz\u00e1 porque es una de las pupilas m\u00e1s avanzadas del senador.<\/p>\n<p>Como quiera que sea, la maestra y su operador, Horacio Duarte, han empezado a tejer una red de apoyos para el nuevo proyecto pol\u00edtico, al que cada vez se suman m\u00e1s.<\/p>\n<p>Para muestra, en la pasada asamblea de Morena en el Estado de M\u00e9xico, el grupo higinista no logr\u00f3 apoderarse de la dirigencia estatal, que obtuvo la exdiputada local Luz Mar\u00eda Hern\u00e1ndez, impulsada desde Palacio de Gobierno. Habr\u00e1 que esperar la pr\u00f3xima elecci\u00f3n en ocho meses, pero como se ven las cosas la volver\u00e1 a perder.<\/p>\n<p><strong>CIRCUITO EXTERIOR.-<\/strong> Por cierto, Higinio Mart\u00ednez recibi\u00f3 otro rev\u00e9s m\u00e1s con la designaci\u00f3n del Congreso mexiquense de la nueva titular del \u00d3rgano Superior de Fiscalizaci\u00f3n del Estado de M\u00e9xico (OSFEM), Liliana D\u00e1valos Ham, en sustituci\u00f3n de Miroslava Carrillo Mart\u00ednez\u2026<\/p>\n<p>El gobierno de la entidad tuvo que mediar por la falta de pagos a los trabajadores de Sapase de Ecatepec, que se atribuye a los malos manejos del exalcalde y ahora diputado federal, Fernando Vilchis, quien dej\u00f3 tan mala fama que se le atribuyen todos los males del municipio. Para colmo la OSFEM detect\u00f3 anomal\u00edas durante su gesti\u00f3n en el uso de recursos federales por m\u00e1s de 300 millones de pesos, de acuerdo con la Auditor\u00eda Superior de la Federaci\u00f3n (ASF) en su revisi\u00f3n de la Cuenta P\u00fablica 2022. Este monto representa el 100% de los recursos federales auditados y carece de la documentaci\u00f3n necesaria para justificar su uso. Tambi\u00e9n el Sistema Municipal DIF de Ecatepec, bajo la direcci\u00f3n de su esposa Esmeralda Vallejo Mart\u00ednez, enfrenta observaciones por irregularidades financieras por 85 millones de pesos detectadas durante el 2023, seg\u00fan OSFEM\u2026<\/p>\n<p>La exalcaldesa de Texcoco y senadora suplente, Sandra Luz Falc\u00f3n, se le ha visto cada vez m\u00e1s en Tec\u00e1mac.<\/p>\n<p>&nbsp;<\/p>\n<p>&nbsp;<\/p>\n","protected":false},"excerpt":{"rendered":"<p>Por \u00c1ngel Bocanegra LAS QUERENCIAS DE DELFINA \u00b7 La priista de Amecameca Ivette Topete no ser\u00eda raro que traicione a su partido y brinque al corral morenista La gobernadora Delfina G\u00f3mez cerrar\u00e1 el a\u00f1o entre claroscuros, pero en el 2025 iniciar\u00e1 con un buen pu\u00f1ado de alcaldes y legisladores que est\u00e1n dispuestos a formar parte&#8230;<\/p>\n","protected":false},"author":2,"featured_media":31683,"comment_status":"closed","ping_status":"open","sticky":false,"template":"","format":"standard","meta":{"footnotes":""},"categories":[11],"tags":[29,30,54],"class_list":["post-31682","post","type-post","status-publish","format-standard","has-post-thumbnail","hentry","category-opinion","tag-grid","tag-news","tag-slide"],"_links":{"self":[{"href":"http:\/\/elobservatorio.com.mx\/index.php?rest_route=\/wp\/v2\/posts\/31682"}],"collection":[{"href":"http:\/\/elobservatorio.com.mx\/index.php?rest_route=\/wp\/v2\/posts"}],"about":[{"href":"http:\/\/elobservatorio.com.mx\/index.php?rest_route=\/wp\/v2\/types\/post"}],"author":[{"embeddable":true,"href":"http:\/\/elobservatorio.com.mx\/index.php?rest_route=\/wp\/v2\/users\/2"}],"replies":[{"embeddable":true,"href":"http:\/\/elobservatorio.com.mx\/index.php?rest_route=%2Fwp%2Fv2%2Fcomments&post=31682"}],"version-history":[{"count":1,"href":"http:\/\/elobservatorio.com.mx\/index.php?rest_route=\/wp\/v2\/posts\/31682\/revisions"}],"predecessor-version":[{"id":31684,"href":"http:\/\/elobservatorio.com.mx\/index.php?rest_route=\/wp\/v2\/posts\/31682\/revisions\/31684"}],"wp:featuredmedia":[{"embeddable":true,"href":"http:\/\/elobservatorio.com.mx\/index.php?rest_route=\/wp\/v2\/media\/31683"}],"wp:attachment":[{"href":"http:\/\/elobservatorio.com.mx\/index.php?rest_route=%2Fwp%2Fv2%2Fmedia&parent=31682"}],"wp:term":[{"taxonomy":"category","embeddable":true,"href":"http:\/\/elobservatorio.com.mx\/index.php?rest_route=%2Fwp%2Fv2%2Fcategories&post=31682"},{"taxonomy":"post_tag","embeddable":true,"href":"http:\/\/elobservatorio.com.mx\/index.php?rest_route=%2Fwp%2Fv2%2Ftags&post=31682"}],"curies":[{"name":"wp","href":"https:\/\/api.w.org\/{rel}","templated":true}]}}