{"id":31685,"date":"2024-12-27T21:25:54","date_gmt":"2024-12-28T03:25:54","guid":{"rendered":"https:\/\/elobservatorio.com.mx\/?p=31685"},"modified":"2024-12-27T21:25:54","modified_gmt":"2024-12-28T03:25:54","slug":"eventos-manzanillo-se-ilumina-y-colima-resplandece-son-buen-motivo-para-atraer-mas-turismo-jorge-padilla","status":"publish","type":"post","link":"http:\/\/elobservatorio.com.mx\/?p=31685","title":{"rendered":"Eventos: \u2018Manzanillo se ilumina\u2019 y \u2018Colima resplandece\u2019 son buen motivo para atraer m\u00e1s turismo: Jorge Padilla"},"content":{"rendered":"<p>*<strong> Desde la llegada de la gobernadora Indira Vizca\u00edno al gobierno estatal ha habido un crecimiento en el sector tur\u00edstico, cerraremos el a\u00f1o con un mill\u00f3n y medio de visitantes, dice el funcionario estatal<\/strong><\/p>\n<p>Colima Col.- Jorge Padilla Castillo, Subsecretario de Turismo del Gobierno del Estado de Colima, dijo en entrevista que la organizaci\u00f3n de eventos de fin de a\u00f1o, como \u2018Manzanillo se ilumina y \u2018Colima resplandece\u2019, es un mensaje importante de que Colima repunta tur\u00edsticamente.<\/p>\n<p>Agreg\u00f3 que el sector tur\u00edstico, es muy importante en el aspecto econ\u00f3mico en la entidad, ya que hay familias que dependen totalmente de ellos, es una industria, \u201chay empresarios detr\u00e1s y gente que trabaja. Cerca de 40 mil personas en el Estado de Colima laboran en el sector tur\u00edstico\u201d.<\/p>\n<p>Dijo que el objeto de hacer estos eventos es impulsar y mantener a Colima vigente como un destino rico en experiencias.<\/p>\n<p>La fiesta de a\u00f1o nuevo que est\u00e1 cumpliendo 20 a\u00f1os en Manzanillo, \u2018Colima Resplandece\u2019 un evento coordinado con el ayuntamiento de Colima y su objetivo justamente es generar condiciones que permitan el crecimiento del n\u00famero de visitantes.<\/p>\n<p>\u201cTambi\u00e9n me da mucho gusto compartirles que hemos venido presentando en el sector tur\u00edstico un crecimiento sostenido desde la llegada de la gobernadora, vamos a cerrar el a\u00f1o con buenos n\u00fameros, con alrededor del mill\u00f3n y medio de visitantes, n\u00fameros hist\u00f3ricos que representan m\u00e1s de 5 mil millones de pesos de derrama econ\u00f3mica\u2019<\/p>\n<p>Finalmente coment\u00f3 que todo ello se debe a la estrategia de promoci\u00f3n de generaci\u00f3n de eventos, de asistencia orientada a mantener a Colima y a reposicionarlo como destino tur\u00edstico y seguir generando mayor n\u00famero de visitantes, para impulsar el sector hotelero.<\/p>\n<p>\u201cColima es un destino muy rico en naturaleza, en gastronom\u00eda tenemos un volc\u00e1n muy activo, por la experiencia del mar a la monta\u00f1a que es el eslogan tur\u00edstico, ahorita que estamos en Tecom\u00e1n pues es un lugar donde se come delicioso, gastronom\u00eda muy relevante .<\/p>\n<p>Lo que hacemos con estos eventos es justamente darles motivos a la gente para que vengan a vivir la experiencia en Colima tanto en la capital como en otros lados, en Tecom\u00e1n, en el barrio m\u00e1gico, en la playa Manzanillo, en Cuyutl\u00e1n, que vayan y tengan la experiencia. Estos eventos son motivo para que la gente venga y se enamore de Colima\u201d.<\/p>\n","protected":false},"excerpt":{"rendered":"<p>* Desde la llegada de la gobernadora Indira Vizca\u00edno al gobierno estatal ha habido un crecimiento en el sector tur\u00edstico, cerraremos el a\u00f1o con un mill\u00f3n y medio de visitantes, dice el funcionario estatal Colima Col.- Jorge Padilla Castillo, Subsecretario de Turismo del Gobierno del Estado de Colima, dijo en entrevista que la organizaci\u00f3n de&#8230;<\/p>\n","protected":false},"author":2,"featured_media":31686,"comment_status":"closed","ping_status":"open","sticky":false,"template":"","format":"standard","meta":{"footnotes":""},"categories":[16],"tags":[29,30,54],"class_list":["post-31685","post","type-post","status-publish","format-standard","has-post-thumbnail","hentry","category-gobierno","tag-grid","tag-news","tag-slide"],"_links":{"self":[{"href":"http:\/\/elobservatorio.com.mx\/index.php?rest_route=\/wp\/v2\/posts\/31685"}],"collection":[{"href":"http:\/\/elobservatorio.com.mx\/index.php?rest_route=\/wp\/v2\/posts"}],"about":[{"href":"http:\/\/elobservatorio.com.mx\/index.php?rest_route=\/wp\/v2\/types\/post"}],"author":[{"embeddable":true,"href":"http:\/\/elobservatorio.com.mx\/index.php?rest_route=\/wp\/v2\/users\/2"}],"replies":[{"embeddable":true,"href":"http:\/\/elobservatorio.com.mx\/index.php?rest_route=%2Fwp%2Fv2%2Fcomments&post=31685"}],"version-history":[{"count":1,"href":"http:\/\/elobservatorio.com.mx\/index.php?rest_route=\/wp\/v2\/posts\/31685\/revisions"}],"predecessor-version":[{"id":31687,"href":"http:\/\/elobservatorio.com.mx\/index.php?rest_route=\/wp\/v2\/posts\/31685\/revisions\/31687"}],"wp:featuredmedia":[{"embeddable":true,"href":"http:\/\/elobservatorio.com.mx\/index.php?rest_route=\/wp\/v2\/media\/31686"}],"wp:attachment":[{"href":"http:\/\/elobservatorio.com.mx\/index.php?rest_route=%2Fwp%2Fv2%2Fmedia&parent=31685"}],"wp:term":[{"taxonomy":"category","embeddable":true,"href":"http:\/\/elobservatorio.com.mx\/index.php?rest_route=%2Fwp%2Fv2%2Fcategories&post=31685"},{"taxonomy":"post_tag","embeddable":true,"href":"http:\/\/elobservatorio.com.mx\/index.php?rest_route=%2Fwp%2Fv2%2Ftags&post=31685"}],"curies":[{"name":"wp","href":"https:\/\/api.w.org\/{rel}","templated":true}]}}