{"id":31688,"date":"2024-12-29T23:42:38","date_gmt":"2024-12-30T05:42:38","guid":{"rendered":"https:\/\/elobservatorio.com.mx\/?p=31688"},"modified":"2024-12-29T23:42:38","modified_gmt":"2024-12-30T05:42:38","slug":"dos-ejecutados-esta-noche-en-tecoman","status":"publish","type":"post","link":"http:\/\/elobservatorio.com.mx\/?p=31688","title":{"rendered":"Dos ejecutados esta noche en Tecom\u00e1n"},"content":{"rendered":"<p><strong>* Este domingo 29 de diciembre de 2024 se reporta la ejecuci\u00f3n de dos masculinos en el municipio de Tecom\u00e1n.<\/strong><\/p>\n<p>Los hechos se suscitaron en la Colonia Santa Elena d\u00f3nde se reporta que alrededor de las 9 de la noche se escucharon m\u00faltiples impactos de arma de fuego sobre la calle Limonero.<\/p>\n<p>De manera extraoficial se habla de la ejecuci\u00f3n de dos masculinos uno de alrededor de 50 a\u00f1os y otro de 45.<\/p>\n<p>La zona fue acordonada para iniciar la investigaci\u00f3n correspondiente.<\/p>\n<p>(Foto de archivo)<\/p>\n","protected":false},"excerpt":{"rendered":"<p>* Este domingo 29 de diciembre de 2024 se reporta la ejecuci\u00f3n de dos masculinos en el municipio de Tecom\u00e1n. Los hechos se suscitaron en la Colonia Santa Elena d\u00f3nde se reporta que alrededor de las 9 de la noche se escucharon m\u00faltiples impactos de arma de fuego sobre la calle Limonero. De manera extraoficial&#8230;<\/p>\n","protected":false},"author":2,"featured_media":5782,"comment_status":"closed","ping_status":"open","sticky":false,"template":"","format":"standard","meta":{"footnotes":""},"categories":[15],"tags":[29,30,54],"class_list":["post-31688","post","type-post","status-publish","format-standard","has-post-thumbnail","hentry","category-seguridad-y-justicia","tag-grid","tag-news","tag-slide"],"_links":{"self":[{"href":"http:\/\/elobservatorio.com.mx\/index.php?rest_route=\/wp\/v2\/posts\/31688"}],"collection":[{"href":"http:\/\/elobservatorio.com.mx\/index.php?rest_route=\/wp\/v2\/posts"}],"about":[{"href":"http:\/\/elobservatorio.com.mx\/index.php?rest_route=\/wp\/v2\/types\/post"}],"author":[{"embeddable":true,"href":"http:\/\/elobservatorio.com.mx\/index.php?rest_route=\/wp\/v2\/users\/2"}],"replies":[{"embeddable":true,"href":"http:\/\/elobservatorio.com.mx\/index.php?rest_route=%2Fwp%2Fv2%2Fcomments&post=31688"}],"version-history":[{"count":1,"href":"http:\/\/elobservatorio.com.mx\/index.php?rest_route=\/wp\/v2\/posts\/31688\/revisions"}],"predecessor-version":[{"id":31689,"href":"http:\/\/elobservatorio.com.mx\/index.php?rest_route=\/wp\/v2\/posts\/31688\/revisions\/31689"}],"wp:featuredmedia":[{"embeddable":true,"href":"http:\/\/elobservatorio.com.mx\/index.php?rest_route=\/wp\/v2\/media\/5782"}],"wp:attachment":[{"href":"http:\/\/elobservatorio.com.mx\/index.php?rest_route=%2Fwp%2Fv2%2Fmedia&parent=31688"}],"wp:term":[{"taxonomy":"category","embeddable":true,"href":"http:\/\/elobservatorio.com.mx\/index.php?rest_route=%2Fwp%2Fv2%2Fcategories&post=31688"},{"taxonomy":"post_tag","embeddable":true,"href":"http:\/\/elobservatorio.com.mx\/index.php?rest_route=%2Fwp%2Fv2%2Ftags&post=31688"}],"curies":[{"name":"wp","href":"https:\/\/api.w.org\/{rel}","templated":true}]}}