{"id":31696,"date":"2025-01-02T09:52:31","date_gmt":"2025-01-02T15:52:31","guid":{"rendered":"https:\/\/elobservatorio.com.mx\/?p=31696"},"modified":"2025-01-02T09:52:31","modified_gmt":"2025-01-02T15:52:31","slug":"nueva-secretaria-de-ciencia-humanidades-tecnologia-e-innovacion-entra-en-funciones","status":"publish","type":"post","link":"http:\/\/elobservatorio.com.mx\/?p=31696","title":{"rendered":"Nueva Secretar\u00eda de Ciencia, Humanidades, Tecnolog\u00eda e Innovaci\u00f3n entra en funciones"},"content":{"rendered":"<ul>\n<li><strong>Secihti formula y conduce la pol\u00edtica nacional del sector y contribuye al fortalecimiento de la educaci\u00f3n superior en coordinaci\u00f3n con la SEP<\/strong><\/li>\n<li><strong>Nueva Secretar\u00eda permitir\u00e1 hacer de M\u00e9xico una potencia en ciencia e innovaci\u00f3n y pondr\u00e1 el conocimiento y la tecnolog\u00eda al servicio de la naci\u00f3n<\/strong><\/li>\n<li><strong>Presidenta Claudia Sheinbaum Pardo hace de la ciencia y la tecnolog\u00eda componentes medulares del proyecto social del gobierno que encabeza<\/strong><\/li>\n<li><strong>Primera secretaria Rosaura Ruiz impulsa pol\u00edtica transversal para poner el conocimiento al servicio de M\u00e9xico<\/strong><\/li>\n<\/ul>\n<p>El 1\u00ba de enero de 2025, con base en el \u201cDecreto por el que se reforman, adicionan y derogan diversas disposiciones de la Ley Org\u00e1nica de la Administraci\u00f3n P\u00fablica Federal\u201d, inicia funciones la Secretar\u00eda de Ciencia, Humanidades, Tecnolog\u00eda e Innovaci\u00f3n, que usar\u00e1 el acr\u00f3nimo Secihti.<\/p>\n<p>La nueva Secretar\u00eda nace tras su aprobaci\u00f3n por el H. Congreso de la Uni\u00f3n y la publicaci\u00f3n del decreto en el Diario Oficial de la Federaci\u00f3n (DOF), el 28 de noviembre de 2024.<\/p>\n<p>La Secihti articula, coordina y ejerce la rector\u00eda que corresponde al Estado mexicano en el sector de humanidades, ciencias, tecnolog\u00edas e innovaci\u00f3n (HCTI), e impulsa el avance del conocimiento en todos los campos y su aplicaci\u00f3n para el desarrollo tecnol\u00f3gico, la innovaci\u00f3n y la atenci\u00f3n de prioridades nacionales.<\/p>\n<p>La nueva instituci\u00f3n responde al compromiso hecho por la Presidenta Claudia Sheinbaum Pardo, por colocar a la ciencia y la tecnolog\u00eda al centro del proyecto social de naci\u00f3n del Gobierno de M\u00e9xico.<\/p>\n<p>La Secretar\u00eda de Ciencia y Tecnolog\u00eda es encabezada por su primera titular Rosaura Ruiz Guti\u00e9rrez, quien trabajar\u00e1 desde un modelo colaborativo, intersecretarial, interinstitucional, internacional y multidisciplinario para contribuir a hacer de M\u00e9xico una potencia cient\u00edfica, tecnol\u00f3gica, de innovaci\u00f3n y una Rep\u00fablica Educadora.<\/p>\n<p>La entidad trabajar\u00e1 mediante dos subsecretar\u00edas, una de Ciencia y Humanidades, otra de Tecnolog\u00eda e Innovaci\u00f3n, las cuales ejecutar\u00e1n proyectos estrat\u00e9gicos en temas como: semiconductores, transici\u00f3n energ\u00e9tica y electromovilidad; observaci\u00f3n satelital de la Tierra y monitoreo de corrientes oce\u00e1nicas para el establecimiento de sistemas de alerta temprana; sistemas a\u00e9reos no tripulados; fortalecimiento a la producci\u00f3n y cadenas de valor de ma\u00edz y frijol, por mencionar algunos.<\/p>\n<p>Entre otros proyectos estrat\u00e9gicos cient\u00edficos y human\u00edsticos de prioridad nacional est\u00e1n la restauraci\u00f3n y remediaci\u00f3n ambiental \u2015especialmente de las cuencas con altos \u00edndices de contaminantes como Lerma-Santiago, Tula y Atoyac\u2015; la investigaci\u00f3n para la prevenci\u00f3n, control y tratamiento de enfermedades de mayor prevalencia; la investigaci\u00f3n para incidir en la inclusi\u00f3n social; contribuir a la erradicaci\u00f3n de la pobreza y la desigualdad; as\u00ed como la preservaci\u00f3n de la diversidad y el patrimonio cultural.<\/p>\n<p>Adem\u00e1s, la Secihti coordinar\u00e1 la Universidad Nacional Rosario Castellanos (UNRC) y la Universidad de la Salud (Unisa), que se suman al sector junto a otros 25 Centros P\u00fablicos; asimismo, dar\u00e1 continuidad a los apoyos como el Sistema Nacional de Investigadoras e Investigadores (SNII) y becas nacionales y en el extranjero.<\/p>\n<p>La nueva Secretar\u00eda del pueblo de M\u00e9xico contribuir\u00e1 a garantizar el derecho humano de toda persona a gozar de los beneficios del desarrollo de la ciencia, el progreso human\u00edstico y la innovaci\u00f3n tecnol\u00f3gica. Conoce m\u00e1s sobre sus funciones y sigue sus nuevos canales institucionales:<\/p>\n","protected":false},"excerpt":{"rendered":"<p>Secihti formula y conduce la pol\u00edtica nacional del sector y contribuye al fortalecimiento de la educaci\u00f3n superior en coordinaci\u00f3n con la SEP Nueva Secretar\u00eda permitir\u00e1 hacer de M\u00e9xico una potencia en ciencia e innovaci\u00f3n y pondr\u00e1 el conocimiento y la tecnolog\u00eda al servicio de la naci\u00f3n Presidenta Claudia Sheinbaum Pardo hace de la ciencia y&#8230;<\/p>\n","protected":false},"author":2,"featured_media":31697,"comment_status":"closed","ping_status":"open","sticky":false,"template":"","format":"standard","meta":{"footnotes":""},"categories":[31,16,10],"tags":[29,30,54],"class_list":["post-31696","post","type-post","status-publish","format-standard","has-post-thumbnail","hentry","category-ciencia-y-tecnologia","category-gobierno","category-politica","tag-grid","tag-news","tag-slide"],"_links":{"self":[{"href":"http:\/\/elobservatorio.com.mx\/index.php?rest_route=\/wp\/v2\/posts\/31696"}],"collection":[{"href":"http:\/\/elobservatorio.com.mx\/index.php?rest_route=\/wp\/v2\/posts"}],"about":[{"href":"http:\/\/elobservatorio.com.mx\/index.php?rest_route=\/wp\/v2\/types\/post"}],"author":[{"embeddable":true,"href":"http:\/\/elobservatorio.com.mx\/index.php?rest_route=\/wp\/v2\/users\/2"}],"replies":[{"embeddable":true,"href":"http:\/\/elobservatorio.com.mx\/index.php?rest_route=%2Fwp%2Fv2%2Fcomments&post=31696"}],"version-history":[{"count":1,"href":"http:\/\/elobservatorio.com.mx\/index.php?rest_route=\/wp\/v2\/posts\/31696\/revisions"}],"predecessor-version":[{"id":31698,"href":"http:\/\/elobservatorio.com.mx\/index.php?rest_route=\/wp\/v2\/posts\/31696\/revisions\/31698"}],"wp:featuredmedia":[{"embeddable":true,"href":"http:\/\/elobservatorio.com.mx\/index.php?rest_route=\/wp\/v2\/media\/31697"}],"wp:attachment":[{"href":"http:\/\/elobservatorio.com.mx\/index.php?rest_route=%2Fwp%2Fv2%2Fmedia&parent=31696"}],"wp:term":[{"taxonomy":"category","embeddable":true,"href":"http:\/\/elobservatorio.com.mx\/index.php?rest_route=%2Fwp%2Fv2%2Fcategories&post=31696"},{"taxonomy":"post_tag","embeddable":true,"href":"http:\/\/elobservatorio.com.mx\/index.php?rest_route=%2Fwp%2Fv2%2Ftags&post=31696"}],"curies":[{"name":"wp","href":"https:\/\/api.w.org\/{rel}","templated":true}]}}