{"id":31699,"date":"2025-01-02T10:12:16","date_gmt":"2025-01-02T16:12:16","guid":{"rendered":"https:\/\/elobservatorio.com.mx\/?p=31699"},"modified":"2025-01-02T10:12:16","modified_gmt":"2025-01-02T16:12:16","slug":"estas-seran-las-fechas-de-pago-para-los-programas-del-bienestar-en-el-mes-de-enero-de-2025","status":"publish","type":"post","link":"http:\/\/elobservatorio.com.mx\/?p=31699","title":{"rendered":"Estas ser\u00e1n las fechas de pago para los programas del bienestar en el mes de enero de 2025"},"content":{"rendered":"<ul>\n<li>A partir del jueves 2 de enero inicia el dep\u00f3sito de los programas del bienestar para adultos mayores, personas con discapacidad y mujeres trabajadoras.<\/li>\n<\/ul>\n<p>La ma\u00f1ana de este 2 de enero en la ma\u00f1anera del pueblo la presidenta Claudia Sheinbaum Pardo inform\u00f3 que a partir del d\u00eda de hoy se estar\u00e1 entregando el recurso de los programas para adultos mayores, personas con discapacidad y mujeres trabajadoras.<\/p>\n<p>Por su parte la secretar\u00eda del bienestar Ariadna Montiel da a conocer que actualmente existe en el padr\u00f3n de beneficiarios m\u00e1s de 14.5 millones de personas registradas, lo que significa una erogaci\u00f3n de 544.6 millones de pesos que ser\u00e1n distribuidos a lo largo de este 2025.<\/p>\n<p>El dep\u00f3sito se realizar\u00e1 en las cuentas del banco del bienestar de cada uno de los beneficiarios. Ser\u00e1 desde hoy y hasta el 22 de enero cuando se estar\u00e1 dispersando el recurso de acuerdo a la primer letra de su primer apellido, esto con la finalidad de evitar congestionamientos en las sucursales del banco del bienestar.<\/p>\n<p>En relaci\u00f3n a la pr\u00f3xima elecci\u00f3n extraordinaria para el poder judicial a realizarse el primero de junio de este a\u00f1o, se plante\u00f3 la posibilidad de que los bimestres dos y tres se depositen juntos, de manera adelantada, y retomarse hasta Julio una vez concluido el proceso electoral, sin embargo esta informaci\u00f3n no fue confirmada, ser\u00e1 la secretar\u00eda del bienestar quien posteriormente informe si esto ser\u00e1 as\u00ed o se mantendr\u00e1n los dep\u00f3sitos de manera normal.<\/p>\n","protected":false},"excerpt":{"rendered":"<p>A partir del jueves 2 de enero inicia el dep\u00f3sito de los programas del bienestar para adultos mayores, personas con discapacidad y mujeres trabajadoras. La ma\u00f1ana de este 2 de enero en la ma\u00f1anera del pueblo la presidenta Claudia Sheinbaum Pardo inform\u00f3 que a partir del d\u00eda de hoy se estar\u00e1 entregando el recurso de&#8230;<\/p>\n","protected":false},"author":2,"featured_media":31700,"comment_status":"closed","ping_status":"open","sticky":false,"template":"","format":"standard","meta":{"footnotes":""},"categories":[16,12],"tags":[29,30,54],"class_list":["post-31699","post","type-post","status-publish","format-standard","has-post-thumbnail","hentry","category-gobierno","category-sociedad","tag-grid","tag-news","tag-slide"],"_links":{"self":[{"href":"http:\/\/elobservatorio.com.mx\/index.php?rest_route=\/wp\/v2\/posts\/31699"}],"collection":[{"href":"http:\/\/elobservatorio.com.mx\/index.php?rest_route=\/wp\/v2\/posts"}],"about":[{"href":"http:\/\/elobservatorio.com.mx\/index.php?rest_route=\/wp\/v2\/types\/post"}],"author":[{"embeddable":true,"href":"http:\/\/elobservatorio.com.mx\/index.php?rest_route=\/wp\/v2\/users\/2"}],"replies":[{"embeddable":true,"href":"http:\/\/elobservatorio.com.mx\/index.php?rest_route=%2Fwp%2Fv2%2Fcomments&post=31699"}],"version-history":[{"count":1,"href":"http:\/\/elobservatorio.com.mx\/index.php?rest_route=\/wp\/v2\/posts\/31699\/revisions"}],"predecessor-version":[{"id":31701,"href":"http:\/\/elobservatorio.com.mx\/index.php?rest_route=\/wp\/v2\/posts\/31699\/revisions\/31701"}],"wp:featuredmedia":[{"embeddable":true,"href":"http:\/\/elobservatorio.com.mx\/index.php?rest_route=\/wp\/v2\/media\/31700"}],"wp:attachment":[{"href":"http:\/\/elobservatorio.com.mx\/index.php?rest_route=%2Fwp%2Fv2%2Fmedia&parent=31699"}],"wp:term":[{"taxonomy":"category","embeddable":true,"href":"http:\/\/elobservatorio.com.mx\/index.php?rest_route=%2Fwp%2Fv2%2Fcategories&post=31699"},{"taxonomy":"post_tag","embeddable":true,"href":"http:\/\/elobservatorio.com.mx\/index.php?rest_route=%2Fwp%2Fv2%2Ftags&post=31699"}],"curies":[{"name":"wp","href":"https:\/\/api.w.org\/{rel}","templated":true}]}}