{"id":31707,"date":"2025-01-02T13:48:16","date_gmt":"2025-01-02T19:48:16","guid":{"rendered":"http:\/\/elobservatorio.com.mx\/?p=31707"},"modified":"2025-01-02T13:48:16","modified_gmt":"2025-01-02T19:48:16","slug":"invita-riult-rivera-a-la-carrera-de-reyes","status":"publish","type":"post","link":"http:\/\/elobservatorio.com.mx\/?p=31707","title":{"rendered":"Invita Riult Rivera a la carrera de Reyes"},"content":{"rendered":"<p><em>*Ser\u00e1 este domingo a partir de las 17:30 horas, saliendo del Jard\u00edn N\u00fa\u00f1ez<\/em><\/p>\n<p><em>*Atractivos premios para los triunfadores en 5 kms., en ambas ramas, anuncia el presidente municipal.<\/em><\/p>\n<p>Colima, Col., 2 de enero de 2025.- El presidente municipal de Colima, Riult Rivera Guti\u00e9rrez, est\u00e1 invitando a la ciudadan\u00eda en general a participar en la carrera atl\u00e9tica de Reyes, que viene organizando el DIF Municipal Colima, con motivo del D\u00eda de Reyes.<\/p>\n<p>El alcalde capitalino indic\u00f3 que esta carrera se realizar\u00e1 el pr\u00f3ximo domingo 5 de enero, a partir de las 17:30 horas y recorrer\u00e1 las principales avenidas de esta ciudad capital.<\/p>\n<p>Esta actividad se realiza con el \u00e1nimo de fomentar la convivencia entre las personas, e impulsar las actividades deportivas en familia, porque nuestro principal inter\u00e9s es el de trabajar para crear Otro Colima Por Ti.<\/p>\n<p>El alcalde capitalino se\u00f1al\u00f3 que la competencia deportiva iniciar\u00e1 a las 5:30 de la tarde y el punto de salida ser\u00e1 el jard\u00edn N\u00fa\u00f1ez para continuar por la avenida Rey Colim\u00e1n y la Calzada Galv\u00e1n, insistiendo en que el prop\u00f3sito es que participen todas las familias.<\/p>\n<p>En la Carrera de Reyes habr\u00e1 tres categor\u00edas las cuales son 5 kil\u00f3metros en la rama femenil, 5 kil\u00f3metros en la rama varonil y 3 kil\u00f3metros en general.<\/p>\n<p>Los triunfadores en esta Carrera, tendr\u00e1n como premios, en una motocicleta el\u00e9ctrica a los ganadores en las categor\u00edas de 5 kil\u00f3metros, varonil y femenil.<\/p>\n<p>Para los participantes en la categor\u00eda de 3 kil\u00f3metros, se rifar\u00e1 una motocicleta el\u00e9ctrica, entre todos los que tomen parte de la misma.<\/p>\n<p>De acuerdo a la convocatoria, la inscripci\u00f3n tiene un costo de 190 pesos y se puede realizar v\u00eda Whatssaap al tel\u00e9fono 31236 92762; a los participantes se les va a entregar un kit que contiene una capa, corona de rey mago as\u00ed como el n\u00famero con el que competir\u00e1n.<br \/>\nTodos los participantes en las tres categor\u00eda, deber\u00e1n hacerlo coloc\u00e1ndose la capa y la corona que reciban (de ah\u00ed el nombre de la Carrera de Reyes).<\/p>\n<p>Las inscripciones pueden hacerse de inmediato y el cierre de las mismas ser\u00e1 el s\u00e1bado; asimismo, la entrega de los kit se realizar\u00e1 el s\u00e1bado a partir de las 9:00 y hasta las 20:00 horas.<\/p>\n<p>Inclusive, si alguna persona no puede acudir a inscribirse antes, podr\u00e1 hacerlo hasta momentos antes del arranque de la carrera<\/p>\n","protected":false},"excerpt":{"rendered":"<p>*Ser\u00e1 este domingo a partir de las 17:30 horas, saliendo del Jard\u00edn N\u00fa\u00f1ez *Atractivos premios para los triunfadores en 5 kms., en ambas ramas, anuncia el presidente municipal. Colima, Col., 2 de enero de 2025.- El presidente municipal de Colima, Riult Rivera Guti\u00e9rrez, est\u00e1 invitando a la ciudadan\u00eda en general a participar en la carrera&#8230;<\/p>\n","protected":false},"author":2,"featured_media":31708,"comment_status":"closed","ping_status":"open","sticky":false,"template":"","format":"standard","meta":{"footnotes":""},"categories":[8,36],"tags":[29,30,28],"class_list":["post-31707","post","type-post","status-publish","format-standard","has-post-thumbnail","hentry","category-municipios","category-colima","tag-grid","tag-news","tag-slider"],"_links":{"self":[{"href":"http:\/\/elobservatorio.com.mx\/index.php?rest_route=\/wp\/v2\/posts\/31707"}],"collection":[{"href":"http:\/\/elobservatorio.com.mx\/index.php?rest_route=\/wp\/v2\/posts"}],"about":[{"href":"http:\/\/elobservatorio.com.mx\/index.php?rest_route=\/wp\/v2\/types\/post"}],"author":[{"embeddable":true,"href":"http:\/\/elobservatorio.com.mx\/index.php?rest_route=\/wp\/v2\/users\/2"}],"replies":[{"embeddable":true,"href":"http:\/\/elobservatorio.com.mx\/index.php?rest_route=%2Fwp%2Fv2%2Fcomments&post=31707"}],"version-history":[{"count":1,"href":"http:\/\/elobservatorio.com.mx\/index.php?rest_route=\/wp\/v2\/posts\/31707\/revisions"}],"predecessor-version":[{"id":31709,"href":"http:\/\/elobservatorio.com.mx\/index.php?rest_route=\/wp\/v2\/posts\/31707\/revisions\/31709"}],"wp:featuredmedia":[{"embeddable":true,"href":"http:\/\/elobservatorio.com.mx\/index.php?rest_route=\/wp\/v2\/media\/31708"}],"wp:attachment":[{"href":"http:\/\/elobservatorio.com.mx\/index.php?rest_route=%2Fwp%2Fv2%2Fmedia&parent=31707"}],"wp:term":[{"taxonomy":"category","embeddable":true,"href":"http:\/\/elobservatorio.com.mx\/index.php?rest_route=%2Fwp%2Fv2%2Fcategories&post=31707"},{"taxonomy":"post_tag","embeddable":true,"href":"http:\/\/elobservatorio.com.mx\/index.php?rest_route=%2Fwp%2Fv2%2Ftags&post=31707"}],"curies":[{"name":"wp","href":"https:\/\/api.w.org\/{rel}","templated":true}]}}