{"id":31710,"date":"2025-01-02T19:23:45","date_gmt":"2025-01-03T01:23:45","guid":{"rendered":"http:\/\/elobservatorio.com.mx\/?p=31710"},"modified":"2025-01-02T19:23:45","modified_gmt":"2025-01-03T01:23:45","slug":"gobierno-de-tey-gutierrez-en-la-mira","status":"publish","type":"post","link":"http:\/\/elobservatorio.com.mx\/?p=31710","title":{"rendered":"Gobierno de Tey Guti\u00e9rrez, en la mira"},"content":{"rendered":"<p class=\"x_MsoNormal\"><b><span data-olk-copy-source=\"MessageBody\">PARACA\u00cdDAS<\/span><\/b><b><\/b><\/p>\n<p class=\"x_MsoNormal\"><em>Rogelio Guedea<\/em><b><\/b><\/p>\n<p class=\"x_MsoNormal\"><b>\u00a0<\/b>La semana pasada fue asesinado a tiros Roberto Bravo, reconocido veterinario colimense y recientemente nombrado director de los festejos charrotaurinos del municipio de Villa de \u00c1lvarez. Los hechos se suscitaron en un restaurante de la plaza comercial Sendera, a plena luz del d\u00eda. No mucho tiempo antes (en febrero del a\u00f1o pasado) fue asesinado el secretario del mismo municipio Alfredo Ch\u00e1vez.<\/p>\n<p class=\"x_MsoNormal\">A esto se agregan diversos asesinatos de polic\u00edas municipales, todos de la gesti\u00f3n de Tey Guti\u00e9rrez. Aunque estos cr\u00edmenes pudieran mirarse como parte de la ola de violencia que viene azotando a Colima desde hace ya algunos a\u00f1os, y que se recrudeci\u00f3 con el gobierno de Indira Vizca\u00edno, lo cierto es que el gobierno de la alcaldesa Tey Guti\u00e9rrez no queda nada bien parado con estas bajas de funcionarios de primer orden en un solo a\u00f1o, sobre todo si consideramos las visibles aspiraciones que tiene la mun\u00edcipe villana para la gubernatura de 2027 o cualquier otro puesto de resonancia en la elecci\u00f3n popular.<\/p>\n<p class=\"x_MsoNormal\">M\u00e1s all\u00e1 de la empat\u00eda que ha mostrado con estos homicidios, lo que la alcaldesa Tey Guti\u00e9rrez debe urgentemente aquilatar son los negativos que estos lamentables hechos tienen para su administraci\u00f3n y para sus aspiraciones pol\u00edtico-electorales, pues el halo de sospechosismo que generan en la poblaci\u00f3n son los de una gesti\u00f3n en las que est\u00e1n sucediendo cosas para nada plausibles.<\/p>\n<p class=\"x_MsoNormal\">Si Tey Guti\u00e9rrez no tuviera aspiraciones mayores, todo podr\u00eda seguir como est\u00e1, pero como sabemos que es lo contrario, entonces ni su gobierno ni ning\u00fan otro gobierno de oposici\u00f3n (como el del mismo Riult Rivera, otro apuntado para el 2027) pueden cometer errores de esta magnitud ni mandar mensajes equ\u00edvocos a la poblaci\u00f3n sobre la honorabilidad de un mandato.<\/p>\n<p class=\"x_MsoNormal\">Lo que viene, pues, es que estando el gobierno de Tey Guti\u00e9rrez en la mira, es importante que de aqu\u00ed en adelante piense muy bien en las decisiones que tomar\u00e1 para que su gesti\u00f3n recupere el ritmo de vuelo con el que empez\u00f3, de otra manera terminar\u00e1 decepcionando a la poblaci\u00f3n que le ratific\u00f3 su confianza para un segundo periodo. Por lo dem\u00e1s, las principales avenidas y vialidades villalvarenses siguen en un estado deplorable, ojal\u00e1 que este a\u00f1o eso mejore tambi\u00e9n.<\/p>\n","protected":false},"excerpt":{"rendered":"<p>PARACA\u00cdDAS Rogelio Guedea \u00a0La semana pasada fue asesinado a tiros Roberto Bravo, reconocido veterinario colimense y recientemente nombrado director de los festejos charrotaurinos del municipio de Villa de \u00c1lvarez. Los hechos se suscitaron en un restaurante de la plaza comercial Sendera, a plena luz del d\u00eda. No mucho tiempo antes (en febrero del a\u00f1o pasado)&#8230;<\/p>\n","protected":false},"author":2,"featured_media":25398,"comment_status":"closed","ping_status":"open","sticky":false,"template":"","format":"standard","meta":{"footnotes":""},"categories":[11],"tags":[29,30,28],"class_list":["post-31710","post","type-post","status-publish","format-standard","has-post-thumbnail","hentry","category-opinion","tag-grid","tag-news","tag-slider"],"_links":{"self":[{"href":"http:\/\/elobservatorio.com.mx\/index.php?rest_route=\/wp\/v2\/posts\/31710"}],"collection":[{"href":"http:\/\/elobservatorio.com.mx\/index.php?rest_route=\/wp\/v2\/posts"}],"about":[{"href":"http:\/\/elobservatorio.com.mx\/index.php?rest_route=\/wp\/v2\/types\/post"}],"author":[{"embeddable":true,"href":"http:\/\/elobservatorio.com.mx\/index.php?rest_route=\/wp\/v2\/users\/2"}],"replies":[{"embeddable":true,"href":"http:\/\/elobservatorio.com.mx\/index.php?rest_route=%2Fwp%2Fv2%2Fcomments&post=31710"}],"version-history":[{"count":1,"href":"http:\/\/elobservatorio.com.mx\/index.php?rest_route=\/wp\/v2\/posts\/31710\/revisions"}],"predecessor-version":[{"id":31711,"href":"http:\/\/elobservatorio.com.mx\/index.php?rest_route=\/wp\/v2\/posts\/31710\/revisions\/31711"}],"wp:featuredmedia":[{"embeddable":true,"href":"http:\/\/elobservatorio.com.mx\/index.php?rest_route=\/wp\/v2\/media\/25398"}],"wp:attachment":[{"href":"http:\/\/elobservatorio.com.mx\/index.php?rest_route=%2Fwp%2Fv2%2Fmedia&parent=31710"}],"wp:term":[{"taxonomy":"category","embeddable":true,"href":"http:\/\/elobservatorio.com.mx\/index.php?rest_route=%2Fwp%2Fv2%2Fcategories&post=31710"},{"taxonomy":"post_tag","embeddable":true,"href":"http:\/\/elobservatorio.com.mx\/index.php?rest_route=%2Fwp%2Fv2%2Ftags&post=31710"}],"curies":[{"name":"wp","href":"https:\/\/api.w.org\/{rel}","templated":true}]}}