{"id":31712,"date":"2025-01-02T20:34:40","date_gmt":"2025-01-03T02:34:40","guid":{"rendered":"http:\/\/elobservatorio.com.mx\/?p=31712"},"modified":"2025-01-02T20:34:40","modified_gmt":"2025-01-03T02:34:40","slug":"dictan-60-anos-de-prision-para-dos-ex-policias-estatales-por-desaparicion-de-personas","status":"publish","type":"post","link":"http:\/\/elobservatorio.com.mx\/?p=31712","title":{"rendered":"Dictan 60 a\u00f1os de prisi\u00f3n para dos ex polic\u00edas estatales, por desaparici\u00f3n de personas"},"content":{"rendered":"<p><em>* Los sujetos adem\u00e1s de agredir f\u00edsicamente a las v\u00edctimas, las privaron de la vida<\/em><\/p>\n<p>Gerardo Alejandro \u201cN\u201d y Juan Ram\u00f3n \u201cN\u201d quienes fueron encontrados culpables por el delito de desaparici\u00f3n forzada de personas, fueron sentenciados por el tribunal de enjuiciamiento a 60 a\u00f1os de prisi\u00f3n luego de que personal de esta Fiscal\u00eda General del Estado (FGE) realizara exhaustivas investigaciones para comprobar su culpabilidad en los hechos ocurridos en agravio de 3 personas.<\/p>\n<p>Los acontecimientos se dieron el d\u00eda 13 de agosto del a\u00f1o 2019 cuando los acusados quienes eran pertenecientes a la Polic\u00eda Estatal, junto con m\u00e1s elementos de seguridad, salieron rumbo al municipio de Manzanillo y al pasar por el crucero de Turla, detuvieron su marcha e inspeccionaron a la primera v\u00edctima quien se encontraba parado en carretera a bordo de su veh\u00edculo; posterior a ello, se lo llevaron al cerro de Tecolapa en donde adem\u00e1s de agredirlo f\u00edsicamente, lo privaron de la vida. M\u00e1s tarde del mismo d\u00eda, estando de recorrido de vigilancia, tuvieron a la vista a las otras dos v\u00edctimas en el municipio de Manzanillo y de igual forma, los subieron a la camioneta tomando rumbo hacia Minatitl\u00e1n, los golpearon y los privaron de la vida.<\/p>\n<p>Derivado del trabajo arduo de investigaci\u00f3n del ministerio p\u00fablico de esta dependencia, y mediante el desahogo de pruebas suficientes, el tribunal de enjuiciamiento dict\u00f3 la sentencia condenatoria, imponiendo 60 a\u00f1os de prisi\u00f3n a cada uno de ellos, as\u00ed como el pago econ\u00f3mico de una multa y de la reparaci\u00f3n del da\u00f1o.<\/p>\n<p>La FGE contin\u00faa trabajando en las indagatorias de los hechos delictivos, la correcta integraci\u00f3n y litigaci\u00f3n de las causas penales, que permiten obtener sentencias condenatorias como este caso, con el objetivo de cumplir con la justicia en favor de las v\u00edctimas y evitar la impunidad.<\/p>\n<p>Por ello, la Instituci\u00f3n llama a la sociedad a que participe con la autoridad a trav\u00e9s de la denuncia an\u00f3nima al 089 y 911 para el reporte de las emergencias; sus llamadas son fundamentales para la autoridad.<\/p>\n","protected":false},"excerpt":{"rendered":"<p>* Los sujetos adem\u00e1s de agredir f\u00edsicamente a las v\u00edctimas, las privaron de la vida Gerardo Alejandro \u201cN\u201d y Juan Ram\u00f3n \u201cN\u201d quienes fueron encontrados culpables por el delito de desaparici\u00f3n forzada de personas, fueron sentenciados por el tribunal de enjuiciamiento a 60 a\u00f1os de prisi\u00f3n luego de que personal de esta Fiscal\u00eda General del&#8230;<\/p>\n","protected":false},"author":2,"featured_media":31713,"comment_status":"closed","ping_status":"open","sticky":false,"template":"","format":"standard","meta":{"footnotes":""},"categories":[15],"tags":[29,30,28],"class_list":["post-31712","post","type-post","status-publish","format-standard","has-post-thumbnail","hentry","category-seguridad-y-justicia","tag-grid","tag-news","tag-slider"],"_links":{"self":[{"href":"http:\/\/elobservatorio.com.mx\/index.php?rest_route=\/wp\/v2\/posts\/31712"}],"collection":[{"href":"http:\/\/elobservatorio.com.mx\/index.php?rest_route=\/wp\/v2\/posts"}],"about":[{"href":"http:\/\/elobservatorio.com.mx\/index.php?rest_route=\/wp\/v2\/types\/post"}],"author":[{"embeddable":true,"href":"http:\/\/elobservatorio.com.mx\/index.php?rest_route=\/wp\/v2\/users\/2"}],"replies":[{"embeddable":true,"href":"http:\/\/elobservatorio.com.mx\/index.php?rest_route=%2Fwp%2Fv2%2Fcomments&post=31712"}],"version-history":[{"count":1,"href":"http:\/\/elobservatorio.com.mx\/index.php?rest_route=\/wp\/v2\/posts\/31712\/revisions"}],"predecessor-version":[{"id":31714,"href":"http:\/\/elobservatorio.com.mx\/index.php?rest_route=\/wp\/v2\/posts\/31712\/revisions\/31714"}],"wp:featuredmedia":[{"embeddable":true,"href":"http:\/\/elobservatorio.com.mx\/index.php?rest_route=\/wp\/v2\/media\/31713"}],"wp:attachment":[{"href":"http:\/\/elobservatorio.com.mx\/index.php?rest_route=%2Fwp%2Fv2%2Fmedia&parent=31712"}],"wp:term":[{"taxonomy":"category","embeddable":true,"href":"http:\/\/elobservatorio.com.mx\/index.php?rest_route=%2Fwp%2Fv2%2Fcategories&post=31712"},{"taxonomy":"post_tag","embeddable":true,"href":"http:\/\/elobservatorio.com.mx\/index.php?rest_route=%2Fwp%2Fv2%2Ftags&post=31712"}],"curies":[{"name":"wp","href":"https:\/\/api.w.org\/{rel}","templated":true}]}}