{"id":31722,"date":"2025-01-03T16:44:36","date_gmt":"2025-01-03T22:44:36","guid":{"rendered":"https:\/\/elobservatorio.com.mx\/?p=31722"},"modified":"2025-01-03T16:44:36","modified_gmt":"2025-01-03T22:44:36","slug":"riult-rivera-anuncio-la-instalacion-de-una-unidad-medica-basica-en-la-direccion-de-seguridad-publica","status":"publish","type":"post","link":"http:\/\/elobservatorio.com.mx\/?p=31722","title":{"rendered":"Riult Rivera anunci\u00f3 la instalaci\u00f3n de una unidad m\u00e9dica b\u00e1sica en la Direcci\u00f3n de Seguridad P\u00fablica"},"content":{"rendered":"<p><strong>*A partir de este mes se les entregar\u00e1 el aumento de 4 mil pesos mensuales a los polic\u00edas municipales: Riult Rivera.<\/strong><\/p>\n<p><strong>+En fecha pr\u00f3xima el acalde de Colima entregar\u00e1 reconocimientos a los polic\u00edas galardonados, como polic\u00eda del a\u00f1o, al m\u00e9rito c\u00edvico, al m\u00e9rito social y al m\u00e9rito extraordinario.\u00a0<\/strong><\/p>\n<p>El Presidente Municipal de Colima, Riult Rivera Guti\u00e9rrez, dio a conocer que en fecha pr\u00f3xima se realizar\u00e1 un evento en donde se entregar\u00e1n reconocimientos a los polic\u00edas que fueron galardonados con motivo del D\u00eda del Polic\u00eda, el pasado 22 de diciembre, en las categor\u00edas del Polic\u00eda del A\u00f1o, al M\u00e9rito Social, al M\u00e9rito C\u00edvico y M\u00e9rito Extraordinario.<\/p>\n<p>El edil capitalino dijo que para ello, se organizar\u00e1 un evento adecuado en donde se les brinde una atenci\u00f3n correspondiente a los polic\u00edas galardonados, que acudan acompa\u00f1ados de sus familiares y al mismo tiempo hacer un reconocimiento a toda la corporaci\u00f3n, \u201cporque ah\u00ed se encuentran las mujeres y los hombres que d\u00eda y noche trabajan en la salvaguarda de la seguridad de todos los habitantes del municipio y queremos que est\u00e9n bien motivados\u201d, dijo.<\/p>\n<p>El presidente municipal de Colima, dijo que adem\u00e1s del reconocimiento p\u00fablico, esta administraci\u00f3n a partir de este mes de enero les entregar\u00e1 un aumento salarial de cuatro mil pesos mensuales a todas y todos los elementos, as\u00ed como un bono, a partir del mes de febrero, por dos mil pesos, con lo cual estamos cumpliendo un compromiso que hab\u00edamos hecho con ellos durante la campa\u00f1a proselitista.<\/p>\n<p>Riult Rivera, destac\u00f3 que si bien son muy buenos los reconocimientos p\u00fablicos, pero tambi\u00e9n las percepciones econ\u00f3micas.<\/p>\n<p>Al mismo tiempo, el alcalde capitalino anunci\u00f3, que se ha instalado ya una unidad m\u00e9dica b\u00e1sica en la Direcci\u00f3n de Seguridad P\u00fablica, a fin de que todas y todos los elementos dispongan todos los d\u00edas, del servicio m\u00e9dico que puedan requerir, ah\u00ed mismo se les atienda de manera adecuada y con calidad.<\/p>\n<p>Entre los servicios que se les est\u00e1n ofreciendo se encuentra medicina general, enfermer\u00eda, nutriolog\u00eda y psicolog\u00eda, a efecto de que se sientan atendidos, \u201ceso por supuesto que lo hacemos con la intenci\u00f3n de laboren en las mejores condiciones de atenci\u00f3n m\u00e9dica siempre y con eso pretendemos elevar la calidad de la atenci\u00f3n que se les est\u00e1 otorgando a los polic\u00edas, sabedores de que a\u00fan tenemos otras tareas importantes por realizar por la corporaci\u00f3n policiaca, para que eso repercuta en la disminuci\u00f3n de los \u00edndices delictivos que tenemos en Colima\u201d, mencion\u00f3.<\/p>\n<p>&nbsp;<\/p>\n<p><strong>REITERA INVITACI\u00d3N A LA CARRERA DE REYES<\/strong><\/p>\n<p>Por otra parte, el presidente municipal de Colima, insisti\u00f3 en la invitaci\u00f3n a todas las familias del municipio, para que el pr\u00f3ximo domingo 5 de enero, a las 17:30 horas, acudan a participar en la Carrera de Reyes.<\/p>\n<p>Queremos que acudan con sus ni\u00f1as, con sus ni\u00f1os, con toda su familia, con sus amigos, porque pretendemos que todos se sumen a las actividades de car\u00e1cter recreativo, familiar y que todos pasemos el rato muy bien.<\/p>\n<p>Dijo que en la carrera habr\u00e1 las categor\u00edas de cinco kil\u00f3metros para hombres y mujeres, y de 3 kil\u00f3metros, en general, \u201cy quienes no quieran correr, puedan caminar o trotar y si no, pueden incluso solamente ir a ver el desarrollo de esta carrera, que se va a poner muy bien\u201d.<\/p>\n<p>El alcalde de Colima, indic\u00f3 que habr\u00e1 vistosos premios para los triunfadores, \u201cpero lo que queremos es que como sociedad nos sigamos uniendo, nos vayamos integrando y que lo disfrutemos y por supuesto que todas las actividades se desarrollen en tranquilidad plena \u201c, destac\u00f3.<\/p>\n<p>Antes de concluir Riult Rivera, insisti\u00f3 que esta administraci\u00f3n realmente est\u00e1 empe\u00f1ada en construir Otro Colima por Ti, \u201cque la gente venga y participe con nosotros. Queremos cambiar lo negativo en positivo, que la gente venga e invierta en Colima, que se vengan a vivir, que se vengan a estudiar, que se vengan a hacer vida en Colima\u201d, concluy\u00f3.<\/p>\n","protected":false},"excerpt":{"rendered":"<p>*A partir de este mes se les entregar\u00e1 el aumento de 4 mil pesos mensuales a los polic\u00edas municipales: Riult Rivera. +En fecha pr\u00f3xima el acalde de Colima entregar\u00e1 reconocimientos a los polic\u00edas galardonados, como polic\u00eda del a\u00f1o, al m\u00e9rito c\u00edvico, al m\u00e9rito social y al m\u00e9rito extraordinario.\u00a0 El Presidente Municipal de Colima, Riult Rivera&#8230;<\/p>\n","protected":false},"author":2,"featured_media":31723,"comment_status":"closed","ping_status":"open","sticky":false,"template":"","format":"standard","meta":{"footnotes":""},"categories":[8,36],"tags":[29,30,54],"class_list":["post-31722","post","type-post","status-publish","format-standard","has-post-thumbnail","hentry","category-municipios","category-colima","tag-grid","tag-news","tag-slide"],"_links":{"self":[{"href":"http:\/\/elobservatorio.com.mx\/index.php?rest_route=\/wp\/v2\/posts\/31722"}],"collection":[{"href":"http:\/\/elobservatorio.com.mx\/index.php?rest_route=\/wp\/v2\/posts"}],"about":[{"href":"http:\/\/elobservatorio.com.mx\/index.php?rest_route=\/wp\/v2\/types\/post"}],"author":[{"embeddable":true,"href":"http:\/\/elobservatorio.com.mx\/index.php?rest_route=\/wp\/v2\/users\/2"}],"replies":[{"embeddable":true,"href":"http:\/\/elobservatorio.com.mx\/index.php?rest_route=%2Fwp%2Fv2%2Fcomments&post=31722"}],"version-history":[{"count":1,"href":"http:\/\/elobservatorio.com.mx\/index.php?rest_route=\/wp\/v2\/posts\/31722\/revisions"}],"predecessor-version":[{"id":31724,"href":"http:\/\/elobservatorio.com.mx\/index.php?rest_route=\/wp\/v2\/posts\/31722\/revisions\/31724"}],"wp:featuredmedia":[{"embeddable":true,"href":"http:\/\/elobservatorio.com.mx\/index.php?rest_route=\/wp\/v2\/media\/31723"}],"wp:attachment":[{"href":"http:\/\/elobservatorio.com.mx\/index.php?rest_route=%2Fwp%2Fv2%2Fmedia&parent=31722"}],"wp:term":[{"taxonomy":"category","embeddable":true,"href":"http:\/\/elobservatorio.com.mx\/index.php?rest_route=%2Fwp%2Fv2%2Fcategories&post=31722"},{"taxonomy":"post_tag","embeddable":true,"href":"http:\/\/elobservatorio.com.mx\/index.php?rest_route=%2Fwp%2Fv2%2Ftags&post=31722"}],"curies":[{"name":"wp","href":"https:\/\/api.w.org\/{rel}","templated":true}]}}